{"id":10184,"date":"2024-08-26T04:57:55","date_gmt":"2024-08-26T02:57:55","guid":{"rendered":"https:\/\/www.retrochap.fr\/site\/?p=10184"},"modified":"2024-08-26T04:57:55","modified_gmt":"2024-08-26T02:57:55","slug":"13eme-fete-du-pont-a-meung-sur-loire","status":"publish","type":"post","link":"https:\/\/www.retrochap.fr\/site\/2024\/08\/13eme-fete-du-pont-a-meung-sur-loire\/","title":{"rendered":"13\u00e8me FETE DU PONT \u00e0 MEUNG SUR LOIRE"},"content":{"rendered":"<p>Le weekend du 31 ao\u00fbt et 1er septembre se d\u00e9roulera la 13\u00e8me \u00e9dition de la F\u00eate du Pont avec comme th\u00e8me principal les 80 ans de la Lib\u00e9ration.<\/p>\n<p>Comme lors des \u00e9ditions pr\u00e9c\u00e9dentes les municipalit\u00e9s de Meung et Cl\u00e9ry nous font confiance pour assurer une grande partie de l&rsquo;animation de cette f\u00eate.<\/p>\n<p>Au programme du samedi:accueil des v\u00e9hicules sur le site d\u00e8s 9H00 pour une exposition statique mais l&rsquo;organisation d&rsquo;une sortie de 40km en Sologne appel\u00e9e \u00a0\u00bb La route des Maquisards\u00a0\u00bb, organisation sur le site d&rsquo;un camp US organis\u00e9 par l&rsquo;association LIBERTY GI, notre club organisera \u00e0 c\u00f4t\u00e9 un campement de maquisards. Plusieurs clubs seront pr\u00e9sents: Delaug\u00e8re et Clayette, Simca France, Peugeot 403, l&rsquo;Automobile Club de l&rsquo;Ouest, Morgan Sologne District&#8230;<\/p>\n<p>Le groupe de danses \u00ab\u00a0Sons et lumi\u00e8res\u00a0\u00bb de Cl\u00e9ry animeront le parquet de la Guinguette<\/p>\n<p>Une route du Souvenir sera organis\u00e9e avec uniquement des v\u00e9hicules d&rsquo;\u00e9poque sur un circuit d\u00e9couverte de lieux de m\u00e9moire\u00a0 pour rendre hommage \u00e0 des victimes du nazisme..<\/p>\n<p>Il y aura aussi quelques stands de vente de pi\u00e8ces autos motos&#8230;<\/p>\n<p>Bref plus\u00a0 de 100 v\u00e9hicules sur le site au bord de La Loire avec de nombreux stands de restauration&#8230;<\/p>\n<p>Il sera toujours possible de nous rejoindre sur place d\u00e8s le samedi et m\u00eame le dimanche!<\/p>\n<p>&nbsp;<\/p>\n","protected":false},"excerpt":{"rendered":"<p>Le weekend du 31 ao\u00fbt et 1er septembre se d\u00e9roulera la 13\u00e8me \u00e9dition de la F\u00eate du Pont avec comme th\u00e8me principal les 80 ans de la Lib\u00e9ration. Comme lors [&hellip;]<\/p>\n","protected":false},"author":2,"featured_media":10185,"comment_status":"closed","ping_status":"closed","sticky":false,"template":"","format":"standard","meta":{"footnotes":""},"categories":[3],"tags":[],"class_list":{"0":"post-10184","1":"post","2":"type-post","3":"status-publish","4":"format-standard","5":"has-post-thumbnail","7":"category-news","8":"czr-hentry"},"_links":{"self":[{"href":"https:\/\/www.retrochap.fr\/site\/wp-json\/wp\/v2\/posts\/10184","targetHints":{"allow":["GET"]}}],"collection":[{"href":"https:\/\/www.retrochap.fr\/site\/wp-json\/wp\/v2\/posts"}],"about":[{"href":"https:\/\/www.retrochap.fr\/site\/wp-json\/wp\/v2\/types\/post"}],"author":[{"embeddable":true,"href":"https:\/\/www.retrochap.fr\/site\/wp-json\/wp\/v2\/users\/2"}],"replies":[{"embeddable":true,"href":"https:\/\/www.retrochap.fr\/site\/wp-json\/wp\/v2\/comments?post=10184"}],"version-history":[{"count":1,"href":"https:\/\/www.retrochap.fr\/site\/wp-json\/wp\/v2\/posts\/10184\/revisions"}],"predecessor-version":[{"id":10187,"href":"https:\/\/www.retrochap.fr\/site\/wp-json\/wp\/v2\/posts\/10184\/revisions\/10187"}],"wp:featuredmedia":[{"embeddable":true,"href":"https:\/\/www.retrochap.fr\/site\/wp-json\/wp\/v2\/media\/10185"}],"wp:attachment":[{"href":"https:\/\/www.retrochap.fr\/site\/wp-json\/wp\/v2\/media?parent=10184"}],"wp:term":[{"taxonomy":"category","embeddable":true,"href":"https:\/\/www.retrochap.fr\/site\/wp-json\/wp\/v2\/categories?post=10184"},{"taxonomy":"post_tag","embeddable":true,"href":"https:\/\/www.retrochap.fr\/site\/wp-json\/wp\/v2\/tags?post=10184"}],"curies":[{"name":"wp","href":"https:\/\/api.w.org\/{rel}","templated":true}]}}