{"id":10302,"date":"2024-09-23T07:39:06","date_gmt":"2024-09-23T05:39:06","guid":{"rendered":"https:\/\/www.retrochap.fr\/site\/?p=10302"},"modified":"2024-09-23T07:43:36","modified_gmt":"2024-09-23T05:43:36","slug":"un-salon-perturbe-par-la-meteo","status":"publish","type":"post","link":"https:\/\/www.retrochap.fr\/site\/2024\/09\/un-salon-perturbe-par-la-meteo\/","title":{"rendered":"UN SALON PERTURBE PAR LA M\u00c9T\u00c9O"},"content":{"rendered":"<p>Notre second salon des m\u00e9tiers de la restauration des v\u00e9hicules anciens, soutenu par la Municipalit\u00e9 a \u00e9t\u00e9 quelque peu perturb\u00e9 par une m\u00e9t\u00e9o incertaine notamment le dimanche&#8230;<\/p>\n<p>Co\u00efncidant aussi avec notre RDV mensuel nous n&rsquo;avons accueilli que 105 v\u00e9hicules sur le site au lieu des 220 habituels..Toutes les animations programm\u00e9es ont pu avoir lieu quand m\u00eame; la bourse, les conf\u00e9rences, l&rsquo;exposition de plusieurs v\u00e9hicules restaur\u00e9s ou en cours de restauration&#8230;un bilan sera fait prochainement d&rsquo;autant que lors de l&rsquo;inauguration dimanche en fin de matin\u00e9e\u00a0 Mme Val\u00e9rie BARTHE CHENEAU, maire de la commune souhaite ardemment que RETROCHAP organise une 3\u00e8me \u00e9dition en 2026!<\/p>\n<p>RETROCHAP remercie tous les exposants, les boursiers, les nombreux b\u00e9n\u00e9voles du club qui se sont investis lors de ce weekend, le public et bien s\u00fbr la municipalit\u00e9 pour son soutien mat\u00e9riel.<\/p>\n<p>De nombreuses photos ont \u00e9t\u00e9 publi\u00e9es sur notre page FACEBOOK<\/p>\n<p>Mme la Maire est attentive aux explications du fonctionnement du moteur WANKEL au stand anim\u00e9 par Thierry HEULARD<\/p>\n<figure id=\"attachment_10303\" aria-describedby=\"caption-attachment-10303\" style=\"width: 300px\" class=\"wp-caption alignnone\"><img loading=\"lazy\" decoding=\"async\" class=\"size-medium wp-image-10303\" src=\"https:\/\/www.retrochap.fr\/site\/wp-content\/uploads\/2024\/09\/SALON-MAIRE-300x225.jpg\" alt=\"\" width=\"300\" height=\"225\" srcset=\"https:\/\/www.retrochap.fr\/site\/wp-content\/uploads\/2024\/09\/SALON-MAIRE-300x225.jpg 300w, https:\/\/www.retrochap.fr\/site\/wp-content\/uploads\/2024\/09\/SALON-MAIRE-768x576.jpg 768w, https:\/\/www.retrochap.fr\/site\/wp-content\/uploads\/2024\/09\/SALON-MAIRE-570x428.jpg 570w, https:\/\/www.retrochap.fr\/site\/wp-content\/uploads\/2024\/09\/SALON-MAIRE.jpg 1024w\" sizes=\"auto, (max-width: 300px) 100vw, 300px\" \/><figcaption id=\"caption-attachment-10303\" class=\"wp-caption-text\">OLYMPUS DIGITAL CAMERA<\/figcaption><\/figure>\n<p>&nbsp;<\/p>\n","protected":false},"excerpt":{"rendered":"<p>Notre second salon des m\u00e9tiers de la restauration des v\u00e9hicules anciens, soutenu par la Municipalit\u00e9 a \u00e9t\u00e9 quelque peu perturb\u00e9 par une m\u00e9t\u00e9o incertaine notamment le dimanche&#8230; Co\u00efncidant aussi avec [&hellip;]<\/p>\n","protected":false},"author":2,"featured_media":0,"comment_status":"closed","ping_status":"closed","sticky":false,"template":"","format":"standard","meta":{"footnotes":""},"categories":[3],"tags":[],"class_list":{"0":"post-10302","1":"post","2":"type-post","3":"status-publish","4":"format-standard","6":"category-news","7":"czr-hentry"},"_links":{"self":[{"href":"https:\/\/www.retrochap.fr\/site\/wp-json\/wp\/v2\/posts\/10302","targetHints":{"allow":["GET"]}}],"collection":[{"href":"https:\/\/www.retrochap.fr\/site\/wp-json\/wp\/v2\/posts"}],"about":[{"href":"https:\/\/www.retrochap.fr\/site\/wp-json\/wp\/v2\/types\/post"}],"author":[{"embeddable":true,"href":"https:\/\/www.retrochap.fr\/site\/wp-json\/wp\/v2\/users\/2"}],"replies":[{"embeddable":true,"href":"https:\/\/www.retrochap.fr\/site\/wp-json\/wp\/v2\/comments?post=10302"}],"version-history":[{"count":2,"href":"https:\/\/www.retrochap.fr\/site\/wp-json\/wp\/v2\/posts\/10302\/revisions"}],"predecessor-version":[{"id":10312,"href":"https:\/\/www.retrochap.fr\/site\/wp-json\/wp\/v2\/posts\/10302\/revisions\/10312"}],"wp:attachment":[{"href":"https:\/\/www.retrochap.fr\/site\/wp-json\/wp\/v2\/media?parent=10302"}],"wp:term":[{"taxonomy":"category","embeddable":true,"href":"https:\/\/www.retrochap.fr\/site\/wp-json\/wp\/v2\/categories?post=10302"},{"taxonomy":"post_tag","embeddable":true,"href":"https:\/\/www.retrochap.fr\/site\/wp-json\/wp\/v2\/tags?post=10302"}],"curies":[{"name":"wp","href":"https:\/\/api.w.org\/{rel}","templated":true}]}}