{"id":10324,"date":"2024-09-24T09:34:45","date_gmt":"2024-09-24T07:34:45","guid":{"rendered":"https:\/\/www.retrochap.fr\/site\/?p=10324"},"modified":"2024-09-24T09:34:45","modified_gmt":"2024-09-24T07:34:45","slug":"77eme-sortie-retrochap-les-chataignes-dimanche-20-octobre-2024","status":"publish","type":"post","link":"https:\/\/www.retrochap.fr\/site\/2024\/09\/77eme-sortie-retrochap-les-chataignes-dimanche-20-octobre-2024\/","title":{"rendered":"77\u00e8me sortie R\u00e9trochap &#8211; les chata\u00eegnes &#8211; dimanche 20 octobre 2024"},"content":{"rendered":"<div class=\"column\">\n<div class=\"page\" title=\"Page 1\">\n<div class=\"section\">\n<div class=\"layoutArea\">\n<div class=\"page\" title=\"Page 1\">\n<div class=\"section\">\n<h2 class=\"layoutArea\"><span style=\"font-size: 16px\">L\u2019automne s\u2019installe. La nature se pare de couleurs vives: or, rouge, brun, orange. Les journ\u00e9es raccourcissent.<\/span><\/h2>\n<\/div>\n<\/div>\n<\/div>\n<\/div>\n<\/div>\n<div class=\"page\" title=\"Page 1\">\n<div class=\"section\">\n<div class=\"layoutArea\">\n<div class=\"page\" title=\"Page 1\">\n<p>Aussi, nous vous proposons donc de rester dans les environs de l\u2019agglom\u00e9ration orl\u00e9anaise lors de cette avant derni\u00e8re sortie de l\u2019ann\u00e9e.<\/p>\n<ul>\n<li>Direction <strong>Mardi\u00e9<\/strong> pour y rencontrer <span style=\"color: #0000ff\"><strong>Monsieur Mar\u00e9chal<\/strong><\/span> et sa collection personnelle d&rsquo;outils anciens.<\/li>\n<li>D\u00e9jeuner au <strong><span style=\"color: #0000ff\">\u00ab\u00a0Pont de Boigny\u00a0\u00bb<\/span><\/strong> \u00e0 Boigny sur Bionne<\/li>\n<li>L&rsquo;apr\u00e8s-midi, nous troquerons nos voitures anciennes pour les trains \u00e0 vapeur avec la visite guid\u00e9e de l&rsquo;ancien <strong><span style=\"color: #0000ff\">garage-atelier SNCF de Fleury les Aubrais.\u00a0 \u00a0 \u00a0 \u00a0 \u00a0 \u00a0 \u00a0 \u00a0 \u00a0 \u00a0 \u00a0 \u00a0 \u00a0 \u00a0 \u00a0 \u00a0 \u00a0 \u00a0 \u00a0 \u00a0 \u00a0 \u00a0 \u00a0 \u00a0 \u00a0 \u00a0 \u00a0<\/span><span style=\"color: #000000\"><span style=\"color: #339966\"><em>A ce propos, vous trouverez ci-apr\u00e8s un lien pour une sortie insolite organis\u00e9e par l&rsquo;Amicale des Anciens et Amis de la Traction \u00e0 Vapeur&#8230;<\/em> <\/span><span style=\"color: #ff6600\">un voyage de Orl\u00e9ans \u00e0 Bourges en train \u00e0 vapeur!<\/span><\/span><\/strong><\/li>\n<li>La journ\u00e9e se terminera par le traditionnel pot de l&rsquo;amiti\u00e9.<\/li>\n<\/ul>\n<\/div>\n<\/div>\n<\/div>\n<div class=\"section\">\n<div class=\"layoutArea\">\n<div class=\"page\" title=\"Page 1\">\n<p><img loading=\"lazy\" decoding=\"async\" class=\"alignnone wp-image-10317\" src=\"https:\/\/www.retrochap.fr\/site\/wp-content\/uploads\/2024\/09\/pont-de-Boigny-300x169.jpg\" alt=\"\" width=\"350\" height=\"197\" srcset=\"https:\/\/www.retrochap.fr\/site\/wp-content\/uploads\/2024\/09\/pont-de-Boigny-300x169.jpg 300w, https:\/\/www.retrochap.fr\/site\/wp-content\/uploads\/2024\/09\/pont-de-Boigny-1024x576.jpg 1024w, https:\/\/www.retrochap.fr\/site\/wp-content\/uploads\/2024\/09\/pont-de-Boigny-768x432.jpg 768w, https:\/\/www.retrochap.fr\/site\/wp-content\/uploads\/2024\/09\/pont-de-Boigny-570x321.jpg 570w, https:\/\/www.retrochap.fr\/site\/wp-content\/uploads\/2024\/09\/pont-de-Boigny-1110x624.jpg 1110w, https:\/\/www.retrochap.fr\/site\/wp-content\/uploads\/2024\/09\/pont-de-Boigny-528x297.jpg 528w, https:\/\/www.retrochap.fr\/site\/wp-content\/uploads\/2024\/09\/pont-de-Boigny.jpg 1200w\" sizes=\"auto, (max-width: 350px) 100vw, 350px\" \/><\/p>\n<\/div>\n<\/div>\n<\/div>\n<\/div>\n<div class=\"page\" title=\"Page 1\">\n<div title=\"Page 1\"><span style=\"color: #3366ff\"><strong>Retrouvez le bulletin d&rsquo;inscription de notre 77\u00e8me sortie R\u00e9trochap \u00e0 la rubrique \u00ab\u00a0inscription rallye\u00a0\u00bb<\/strong><\/span><\/div>\n<\/div>\n<div title=\"Page 1\"><\/div>\n<\/div>\n<div title=\"Page 1\"><strong>Flyer du P\u00e8re No\u00ebl Express&#8230; <a href=\"https:\/\/www.retrochap.fr\/site\/wp-content\/uploads\/2024\/09\/FLYER-PERE-NOEL-EXPRESS.pdf\" target=\"_blank\" rel=\"noopener\">Flyer du P\u00e8re No\u00ebl Express &#8211; samedi 14 d\u00e9cembre 2024 &#8211; Orl\u00e9ans Bourges en train \u00e0 vapeur<\/a><\/strong><\/div>\n","protected":false},"excerpt":{"rendered":"<p>L\u2019automne s\u2019installe. La nature se pare de couleurs vives: or, rouge, brun, orange. Les journ\u00e9es raccourcissent. Aussi, nous vous proposons donc de rester dans les environs de l\u2019agglom\u00e9ration orl\u00e9anaise lors [&hellip;]<\/p>\n","protected":false},"author":8,"featured_media":10320,"comment_status":"closed","ping_status":"closed","sticky":false,"template":"","format":"standard","meta":{"footnotes":""},"categories":[3],"tags":[],"class_list":{"0":"post-10324","1":"post","2":"type-post","3":"status-publish","4":"format-standard","5":"has-post-thumbnail","7":"category-news","8":"czr-hentry"},"_links":{"self":[{"href":"https:\/\/www.retrochap.fr\/site\/wp-json\/wp\/v2\/posts\/10324","targetHints":{"allow":["GET"]}}],"collection":[{"href":"https:\/\/www.retrochap.fr\/site\/wp-json\/wp\/v2\/posts"}],"about":[{"href":"https:\/\/www.retrochap.fr\/site\/wp-json\/wp\/v2\/types\/post"}],"author":[{"embeddable":true,"href":"https:\/\/www.retrochap.fr\/site\/wp-json\/wp\/v2\/users\/8"}],"replies":[{"embeddable":true,"href":"https:\/\/www.retrochap.fr\/site\/wp-json\/wp\/v2\/comments?post=10324"}],"version-history":[{"count":2,"href":"https:\/\/www.retrochap.fr\/site\/wp-json\/wp\/v2\/posts\/10324\/revisions"}],"predecessor-version":[{"id":10326,"href":"https:\/\/www.retrochap.fr\/site\/wp-json\/wp\/v2\/posts\/10324\/revisions\/10326"}],"wp:featuredmedia":[{"embeddable":true,"href":"https:\/\/www.retrochap.fr\/site\/wp-json\/wp\/v2\/media\/10320"}],"wp:attachment":[{"href":"https:\/\/www.retrochap.fr\/site\/wp-json\/wp\/v2\/media?parent=10324"}],"wp:term":[{"taxonomy":"category","embeddable":true,"href":"https:\/\/www.retrochap.fr\/site\/wp-json\/wp\/v2\/categories?post=10324"},{"taxonomy":"post_tag","embeddable":true,"href":"https:\/\/www.retrochap.fr\/site\/wp-json\/wp\/v2\/tags?post=10324"}],"curies":[{"name":"wp","href":"https:\/\/api.w.org\/{rel}","templated":true}]}}