{"id":10422,"date":"2024-10-25T06:51:04","date_gmt":"2024-10-25T04:51:04","guid":{"rendered":"https:\/\/www.retrochap.fr\/site\/?p=10422"},"modified":"2024-10-25T06:51:04","modified_gmt":"2024-10-25T04:51:04","slug":"hommage-a-francois","status":"publish","type":"post","link":"https:\/\/www.retrochap.fr\/site\/2024\/10\/hommage-a-francois\/","title":{"rendered":"HOMMAGE A FRANCOIS"},"content":{"rendered":"<p>Fran\u00e7ois COIRARD nous a quitt\u00e9 ce mardi 22 octobre&#8230;Infatigable, Fran\u00e7ois, surnomm\u00e9 affectueusement Monsieur SIMCA \u00e9tait une personnalit\u00e9 r\u00e9gionale dans le monde des amateurs de v\u00e9hicules anciens. il \u00e9tait d\u00e9l\u00e9gu\u00e9 r\u00e9gional pour le club SIMCA France&#8230;il \u00e9tait pr\u00e9sent avec son stand sur toutes les bourses de la R\u00e9gion&#8230;sa derni\u00e8re sortie sera faite ce dimanche 20 octobre au rendez-vous du club des VAMP \u00e0 St Ly\u00e9 la For\u00eat&#8230;<\/p>\n<p>Fran\u00e7ois a \u00e9t\u00e9 pr\u00e9sident du JAO, je l&rsquo;avais rencontr\u00e9 pour la premi\u00e8re fois sur la bourse qu&rsquo;il organisait avec son club \u00e0 l&rsquo;a\u00e9rodrome de St Denis de l&rsquo;H\u00f4tel&#8230;<\/p>\n<p>Avec lui nous avions organis\u00e9 avec son soutien, lors d&rsquo;un s\u00e9minaire national des d\u00e9l\u00e9gu\u00e9s r\u00e9gionaux\u00a0 organis\u00e9 \u00e0 Orl\u00e9ans un rendez-vous sp\u00e9cial SIMCA sur l&rsquo;Esplanade de Beraire..<\/p>\n<p>Il avait rejoint notre club, apr\u00e8s avoir quitt\u00e9 la pr\u00e9sidence du JAO&#8230;Elu au Comit\u00e9 Directeur lors de notre AG de 2015, Fran\u00e7ois nous a apport\u00e9 toute son exp\u00e9rience et s&rsquo;est investi sur plusieurs organisations:<\/p>\n<p>Il a \u00e9t\u00e9 la cheville ouvri\u00e8re du National SIMCA qui s&rsquo;est tenue \u00e0 Meung sur Loire du 30 mai au 2 juin&#8230;plusieurs de nos adh\u00e9rents ont particip\u00e9 \u00e0 cette organisation en tant que b\u00e9n\u00e9voles<\/p>\n<p>Rallye dans le Bas Berry les 8 et 9 juillet 2019 pour nous faire d\u00e9couvrir une r\u00e9gion \u00e0 laquelle il \u00e9tait tr\u00e8s attach\u00e9<\/p>\n<p>L&rsquo;organisation d&rsquo;un Loto galette le 2 f\u00e9vrier 2020 pour recueillir des fonds pour la restauration de notre 402<\/p>\n<p>L&rsquo;organisation d&rsquo;un rallye promenade le 31 mars 2019 pour nous faire d\u00e9couvrir la vall\u00e9e de Chevreuse<\/p>\n<p>Diminu\u00e9 par la maladie il a continu\u00e9 avec beaucoup de courage de faire conna\u00eetre la marque SIMCA et ses d\u00e9riv\u00e9s..il nous a \u00e9t\u00e9 un pr\u00e9cieux collaborateur<\/p>\n<p>Merci Fran\u00e7ois, une grande personnalit\u00e9 du milieu associatif des v\u00e9hicules anciens. Nous ne t&rsquo;oublierons pas!<\/p>\n<p>Son fils nous a donn\u00e9 quelques \u00e9l\u00e9ments sur la journ\u00e9e hommage qui se d\u00e9roulera le mercredi 30 octobre:<\/p>\n<p>Recueillement famille \u00e0 9H15 aux Ifs \u00e0 Saran<\/p>\n<p>Service religieux: \u00e0 10H30 Eglise St Jean-Baptiste de St Jean de la Ruelle<\/p>\n<p>Hommage personnalis\u00e9: \u00e0 14H30 &#8211; lieu pr\u00e9cis\u00e9 ult\u00e9rieurement;&#8230;<\/p>\n<p>Service civil \u00e0 16H30 aux Ifs \u00e0 Saran suivi de la cr\u00e9mation<\/p>\n<p><img loading=\"lazy\" decoding=\"async\" class=\"alignnone size-medium wp-image-10423\" src=\"https:\/\/www.retrochap.fr\/site\/wp-content\/uploads\/2024\/10\/PHOTO-FRANCOIS-300x200.jpg\" alt=\"\" width=\"300\" height=\"200\" srcset=\"https:\/\/www.retrochap.fr\/site\/wp-content\/uploads\/2024\/10\/PHOTO-FRANCOIS-300x200.jpg 300w, https:\/\/www.retrochap.fr\/site\/wp-content\/uploads\/2024\/10\/PHOTO-FRANCOIS-768x511.jpg 768w, https:\/\/www.retrochap.fr\/site\/wp-content\/uploads\/2024\/10\/PHOTO-FRANCOIS-570x379.jpg 570w, https:\/\/www.retrochap.fr\/site\/wp-content\/uploads\/2024\/10\/PHOTO-FRANCOIS.jpg 1024w\" sizes=\"auto, (max-width: 300px) 100vw, 300px\" \/><\/p>\n<p>&nbsp;<\/p>\n","protected":false},"excerpt":{"rendered":"<p>Fran\u00e7ois COIRARD nous a quitt\u00e9 ce mardi 22 octobre&#8230;Infatigable, Fran\u00e7ois, surnomm\u00e9 affectueusement Monsieur SIMCA \u00e9tait une personnalit\u00e9 r\u00e9gionale dans le monde des amateurs de v\u00e9hicules anciens. il \u00e9tait d\u00e9l\u00e9gu\u00e9 r\u00e9gional [&hellip;]<\/p>\n","protected":false},"author":2,"featured_media":10423,"comment_status":"closed","ping_status":"closed","sticky":false,"template":"","format":"standard","meta":{"footnotes":""},"categories":[3],"tags":[],"class_list":{"0":"post-10422","1":"post","2":"type-post","3":"status-publish","4":"format-standard","5":"has-post-thumbnail","7":"category-news","8":"czr-hentry"},"_links":{"self":[{"href":"https:\/\/www.retrochap.fr\/site\/wp-json\/wp\/v2\/posts\/10422","targetHints":{"allow":["GET"]}}],"collection":[{"href":"https:\/\/www.retrochap.fr\/site\/wp-json\/wp\/v2\/posts"}],"about":[{"href":"https:\/\/www.retrochap.fr\/site\/wp-json\/wp\/v2\/types\/post"}],"author":[{"embeddable":true,"href":"https:\/\/www.retrochap.fr\/site\/wp-json\/wp\/v2\/users\/2"}],"replies":[{"embeddable":true,"href":"https:\/\/www.retrochap.fr\/site\/wp-json\/wp\/v2\/comments?post=10422"}],"version-history":[{"count":1,"href":"https:\/\/www.retrochap.fr\/site\/wp-json\/wp\/v2\/posts\/10422\/revisions"}],"predecessor-version":[{"id":10425,"href":"https:\/\/www.retrochap.fr\/site\/wp-json\/wp\/v2\/posts\/10422\/revisions\/10425"}],"wp:featuredmedia":[{"embeddable":true,"href":"https:\/\/www.retrochap.fr\/site\/wp-json\/wp\/v2\/media\/10423"}],"wp:attachment":[{"href":"https:\/\/www.retrochap.fr\/site\/wp-json\/wp\/v2\/media?parent=10422"}],"wp:term":[{"taxonomy":"category","embeddable":true,"href":"https:\/\/www.retrochap.fr\/site\/wp-json\/wp\/v2\/categories?post=10422"},{"taxonomy":"post_tag","embeddable":true,"href":"https:\/\/www.retrochap.fr\/site\/wp-json\/wp\/v2\/tags?post=10422"}],"curies":[{"name":"wp","href":"https:\/\/api.w.org\/{rel}","templated":true}]}}