{"id":10528,"date":"2024-11-25T05:12:56","date_gmt":"2024-11-25T04:12:56","guid":{"rendered":"https:\/\/www.retrochap.fr\/site\/?p=10528"},"modified":"2024-11-25T05:28:16","modified_gmt":"2024-11-25T04:28:16","slug":"superbe-rdv-hommage-ce-dimanche","status":"publish","type":"post","link":"https:\/\/www.retrochap.fr\/site\/2024\/11\/superbe-rdv-hommage-ce-dimanche\/","title":{"rendered":"SUPERBE RDV HOMMAGE CE DIMANCHE"},"content":{"rendered":"<p>La m\u00e9t\u00e9o a \u00e9t\u00e9 tr\u00e8s cl\u00e9mente ce dimanche avec un thermom\u00e8tre d\u00e9passant les 12\u00b0C &#8230;apr\u00e8s les 0\u00b0 C du vendredi !<\/p>\n<p>Nous avons compt\u00e9 plus de 210 v\u00e9hicules sur le site dont 22 SIMCA r\u00e9unies autour de Patrick CONJARD pr\u00e9sident du club SIMCA FRANCE et Jean-Marc BRISSARD adh\u00e9rent et fid\u00e8le compagnon de Fran\u00e7ois COIRARD, notre adh\u00e9rent grand sp\u00e9cialiste de cette marque, r\u00e9cemment d\u00e9c\u00e9d\u00e9 \u00e0 qui notre club tenait rendre hommage&#8230;De l\u00e0 haut il a du appr\u00e9cier!<\/p>\n<p>Nous voulions aussi mettre \u00e0 l&rsquo;honneur les v\u00e9hicules militaires de collection qui pour beaucoup ont \u00e9t\u00e9 sollicit\u00e9s pour participer aux diff\u00e9rentes c\u00e9r\u00e9monies pour les 80 ans de la Lib\u00e9ration de notre pays&#8230;merci \u00e0\u00a0 Vincent GOUSSU et son \u00e9quipe venue en tenue militaire d&rsquo;\u00e9poque \u00e0 bord d&rsquo;un DODGE WC52 de 1944 et \u00e0 Daniel DOUGNAC venu avec une AUTO UNION MUNGA b\u00e2ch\u00e9 plus r\u00e9cent car de 1965<\/p>\n<p>Notre club s&rsquo;excuse aupr\u00e8s d&rsquo;un propri\u00e9taire venu avec un impressionnant utilitaire MERCEDES de collection que nous n&rsquo;avons pas pu, faute de place faire entrer sur le site&#8230;nous esp\u00e9rons le revoir en 2025 o\u00f9 un sp\u00e9cial RDV utilitaires sera organis\u00e9!<\/p>\n<p>Parmi les 210 v\u00e9hicules nous avons pu voir plusieurs magnifiques mod\u00e8les de collection pour la premi\u00e8re fois sur notre site: une SUN CAR sur une base de RENAULT 5 mais un impressionnant v\u00e9hicule a fait sensation: une AUBURN magnifique &#8230;le propri\u00e9taire avec beaucoup de gentillesse nous a promis d&rsquo;adh\u00e9rer \u00e0 notre club en 2025 &#8230;et de venir avec un autre v\u00e9hicule encore plus impressionnant!<\/p>\n<p>Merci \u00e0 tous les propri\u00e9taires, au public, \u00e0 l&rsquo;\u00e9quipe de b\u00e9n\u00e9voles du club d&rsquo;avoir assur\u00e9 le succ\u00e8s de ce beau rendez-vous hommage!<\/p>\n<p>En fin de rendez-vous notre \u00e9quipe a lev\u00e9 son verre pour souhaiter un tr\u00e8s bon r\u00e9tablissement \u00e0 Alain GRISON qui vient de se faire poser une semi proth\u00e8se au genou gauche et qui d\u00e9butera sa r\u00e9\u00e9ducation au COTEAUX \u00e0 La Chapelle d\u00e8s ce lundi&#8230;bon courage Alain<\/p>\n<p>Quelques photos de nos adh\u00e9rents Jean-Paul et Claude:<\/p>\n<figure id=\"attachment_10529\" aria-describedby=\"caption-attachment-10529\" style=\"width: 300px\" class=\"wp-caption alignnone\"><img loading=\"lazy\" decoding=\"async\" class=\"size-medium wp-image-10529\" src=\"https:\/\/www.retrochap.fr\/site\/wp-content\/uploads\/2024\/11\/PHOTO-RDV-SIMCA-300x194.jpg\" alt=\"\" width=\"300\" height=\"194\" srcset=\"https:\/\/www.retrochap.fr\/site\/wp-content\/uploads\/2024\/11\/PHOTO-RDV-SIMCA-300x194.jpg 300w, https:\/\/www.retrochap.fr\/site\/wp-content\/uploads\/2024\/11\/PHOTO-RDV-SIMCA-1024x662.jpg 1024w, https:\/\/www.retrochap.fr\/site\/wp-content\/uploads\/2024\/11\/PHOTO-RDV-SIMCA-768x497.jpg 768w, https:\/\/www.retrochap.fr\/site\/wp-content\/uploads\/2024\/11\/PHOTO-RDV-SIMCA-570x369.jpg 570w, https:\/\/www.retrochap.fr\/site\/wp-content\/uploads\/2024\/11\/PHOTO-RDV-SIMCA.jpg 1200w\" sizes=\"auto, (max-width: 300px) 100vw, 300px\" \/><figcaption id=\"caption-attachment-10529\" class=\"wp-caption-text\">OLYMPUS DIGITAL CAMERA<\/figcaption><\/figure>\n<p><img loading=\"lazy\" decoding=\"async\" class=\"alignnone size-medium wp-image-10530\" src=\"https:\/\/www.retrochap.fr\/site\/wp-content\/uploads\/2024\/11\/PHOTO-SIMCA-RDV-300x181.jpg\" alt=\"\" width=\"300\" height=\"181\" srcset=\"https:\/\/www.retrochap.fr\/site\/wp-content\/uploads\/2024\/11\/PHOTO-SIMCA-RDV-300x181.jpg 300w, https:\/\/www.retrochap.fr\/site\/wp-content\/uploads\/2024\/11\/PHOTO-SIMCA-RDV-1024x618.jpg 1024w, https:\/\/www.retrochap.fr\/site\/wp-content\/uploads\/2024\/11\/PHOTO-SIMCA-RDV-768x463.jpg 768w, https:\/\/www.retrochap.fr\/site\/wp-content\/uploads\/2024\/11\/PHOTO-SIMCA-RDV-1536x926.jpg 1536w, https:\/\/www.retrochap.fr\/site\/wp-content\/uploads\/2024\/11\/PHOTO-SIMCA-RDV-570x344.jpg 570w, https:\/\/www.retrochap.fr\/site\/wp-content\/uploads\/2024\/11\/PHOTO-SIMCA-RDV-1320x796.jpg 1320w, https:\/\/www.retrochap.fr\/site\/wp-content\/uploads\/2024\/11\/PHOTO-SIMCA-RDV.jpg 1905w\" sizes=\"auto, (max-width: 300px) 100vw, 300px\" \/><\/p>\n<figure id=\"attachment_10531\" aria-describedby=\"caption-attachment-10531\" style=\"width: 269px\" class=\"wp-caption alignnone\"><img loading=\"lazy\" decoding=\"async\" class=\"size-medium wp-image-10531\" src=\"https:\/\/www.retrochap.fr\/site\/wp-content\/uploads\/2024\/11\/PHOTO-CONJARD-269x300.jpg\" alt=\"\" width=\"269\" height=\"300\" srcset=\"https:\/\/www.retrochap.fr\/site\/wp-content\/uploads\/2024\/11\/PHOTO-CONJARD-269x300.jpg 269w, https:\/\/www.retrochap.fr\/site\/wp-content\/uploads\/2024\/11\/PHOTO-CONJARD-716x800.jpg 716w, https:\/\/www.retrochap.fr\/site\/wp-content\/uploads\/2024\/11\/PHOTO-CONJARD-768x858.jpg 768w, https:\/\/www.retrochap.fr\/site\/wp-content\/uploads\/2024\/11\/PHOTO-CONJARD-570x637.jpg 570w, https:\/\/www.retrochap.fr\/site\/wp-content\/uploads\/2024\/11\/PHOTO-CONJARD.jpg 917w\" sizes=\"auto, (max-width: 269px) 100vw, 269px\" \/><figcaption id=\"caption-attachment-10531\" class=\"wp-caption-text\">OLYMPUS DIGITAL CAMERA<\/figcaption><\/figure>\n<p>Patrick CONJARD rend hommage \u00e0 Fran\u00e7ois<\/p>\n<p>Vincent et son \u00e9quipe devant le DODGE\u00a0 \u00a0 Une impressionnante AUBURN<\/p>\n<p><img loading=\"lazy\" decoding=\"async\" class=\"alignnone size-medium wp-image-10532\" src=\"https:\/\/www.retrochap.fr\/site\/wp-content\/uploads\/2024\/11\/PHOTO-VEHICULES-MILITAIRES-300x236.jpg\" alt=\"\" width=\"300\" height=\"236\" srcset=\"https:\/\/www.retrochap.fr\/site\/wp-content\/uploads\/2024\/11\/PHOTO-VEHICULES-MILITAIRES-300x236.jpg 300w, https:\/\/www.retrochap.fr\/site\/wp-content\/uploads\/2024\/11\/PHOTO-VEHICULES-MILITAIRES-1018x800.jpg 1018w, https:\/\/www.retrochap.fr\/site\/wp-content\/uploads\/2024\/11\/PHOTO-VEHICULES-MILITAIRES-768x604.jpg 768w, https:\/\/www.retrochap.fr\/site\/wp-content\/uploads\/2024\/11\/PHOTO-VEHICULES-MILITAIRES-1536x1208.jpg 1536w, https:\/\/www.retrochap.fr\/site\/wp-content\/uploads\/2024\/11\/PHOTO-VEHICULES-MILITAIRES-570x448.jpg 570w, https:\/\/www.retrochap.fr\/site\/wp-content\/uploads\/2024\/11\/PHOTO-VEHICULES-MILITAIRES-1320x1038.jpg 1320w, https:\/\/www.retrochap.fr\/site\/wp-content\/uploads\/2024\/11\/PHOTO-VEHICULES-MILITAIRES.jpg 1833w\" sizes=\"auto, (max-width: 300px) 100vw, 300px\" \/><img loading=\"lazy\" decoding=\"async\" class=\"alignnone size-medium wp-image-10533\" src=\"https:\/\/www.retrochap.fr\/site\/wp-content\/uploads\/2024\/11\/PHOTO-AUBURN-300x225.jpg\" alt=\"\" width=\"300\" height=\"225\" srcset=\"https:\/\/www.retrochap.fr\/site\/wp-content\/uploads\/2024\/11\/PHOTO-AUBURN-300x225.jpg 300w, https:\/\/www.retrochap.fr\/site\/wp-content\/uploads\/2024\/11\/PHOTO-AUBURN-570x428.jpg 570w, https:\/\/www.retrochap.fr\/site\/wp-content\/uploads\/2024\/11\/PHOTO-AUBURN.jpg 640w\" sizes=\"auto, (max-width: 300px) 100vw, 300px\" \/><\/p>\n","protected":false},"excerpt":{"rendered":"<p>La m\u00e9t\u00e9o a \u00e9t\u00e9 tr\u00e8s cl\u00e9mente ce dimanche avec un thermom\u00e8tre d\u00e9passant les 12\u00b0C &#8230;apr\u00e8s les 0\u00b0 C du vendredi ! Nous avons compt\u00e9 plus de 210 v\u00e9hicules sur le [&hellip;]<\/p>\n","protected":false},"author":2,"featured_media":10529,"comment_status":"closed","ping_status":"closed","sticky":false,"template":"","format":"standard","meta":{"footnotes":""},"categories":[3],"tags":[],"class_list":{"0":"post-10528","1":"post","2":"type-post","3":"status-publish","4":"format-standard","5":"has-post-thumbnail","7":"category-news","8":"czr-hentry"},"_links":{"self":[{"href":"https:\/\/www.retrochap.fr\/site\/wp-json\/wp\/v2\/posts\/10528","targetHints":{"allow":["GET"]}}],"collection":[{"href":"https:\/\/www.retrochap.fr\/site\/wp-json\/wp\/v2\/posts"}],"about":[{"href":"https:\/\/www.retrochap.fr\/site\/wp-json\/wp\/v2\/types\/post"}],"author":[{"embeddable":true,"href":"https:\/\/www.retrochap.fr\/site\/wp-json\/wp\/v2\/users\/2"}],"replies":[{"embeddable":true,"href":"https:\/\/www.retrochap.fr\/site\/wp-json\/wp\/v2\/comments?post=10528"}],"version-history":[{"count":3,"href":"https:\/\/www.retrochap.fr\/site\/wp-json\/wp\/v2\/posts\/10528\/revisions"}],"predecessor-version":[{"id":10545,"href":"https:\/\/www.retrochap.fr\/site\/wp-json\/wp\/v2\/posts\/10528\/revisions\/10545"}],"wp:featuredmedia":[{"embeddable":true,"href":"https:\/\/www.retrochap.fr\/site\/wp-json\/wp\/v2\/media\/10529"}],"wp:attachment":[{"href":"https:\/\/www.retrochap.fr\/site\/wp-json\/wp\/v2\/media?parent=10528"}],"wp:term":[{"taxonomy":"category","embeddable":true,"href":"https:\/\/www.retrochap.fr\/site\/wp-json\/wp\/v2\/categories?post=10528"},{"taxonomy":"post_tag","embeddable":true,"href":"https:\/\/www.retrochap.fr\/site\/wp-json\/wp\/v2\/tags?post=10528"}],"curies":[{"name":"wp","href":"https:\/\/api.w.org\/{rel}","templated":true}]}}