{"id":10676,"date":"2025-01-12T05:39:42","date_gmt":"2025-01-12T04:39:42","guid":{"rendered":"https:\/\/www.retrochap.fr\/site\/?p=10676"},"modified":"2025-01-12T17:24:07","modified_gmt":"2025-01-12T16:24:07","slug":"voeux-du-maire-de-bucy-st-liphard","status":"publish","type":"post","link":"https:\/\/www.retrochap.fr\/site\/2025\/01\/voeux-du-maire-de-bucy-st-liphard\/","title":{"rendered":"V\u0152UX DU MAIRE DE BUCY ST LIPHARD"},"content":{"rendered":"<p>Ce samedi notre club \u00e9tait repr\u00e9sent\u00e9 \u00e0 la c\u00e9r\u00e9monie des v\u0153ux de la commune de Bucy St Liphard, commune dont le maire, Denis REIG est un de nos adh\u00e9rents. Denis est tr\u00e8s investi sur notre projet restauration Acadiane.<\/p>\n<p>Une tr\u00e8s belle c\u00e9r\u00e9monie suivie d&rsquo;un vin d&rsquo;honneur&#8230;Claudine, Alain, Dominique et Jean-Paul ont appr\u00e9ci\u00e9 !<\/p>\n<p>il a particip\u00e9 avec Julia \u00e0 de nombreuses sorties au volant de sa BURTON&#8230;<\/p>\n<figure id=\"attachment_10677\" aria-describedby=\"caption-attachment-10677\" style=\"width: 300px\" class=\"wp-caption alignnone\"><img loading=\"lazy\" decoding=\"async\" class=\"size-medium wp-image-10677\" src=\"https:\/\/www.retrochap.fr\/site\/wp-content\/uploads\/2025\/01\/VOEUX-BUCY-300x194.jpg\" alt=\"\" width=\"300\" height=\"194\" srcset=\"https:\/\/www.retrochap.fr\/site\/wp-content\/uploads\/2025\/01\/VOEUX-BUCY-300x194.jpg 300w, https:\/\/www.retrochap.fr\/site\/wp-content\/uploads\/2025\/01\/VOEUX-BUCY-1024x663.jpg 1024w, https:\/\/www.retrochap.fr\/site\/wp-content\/uploads\/2025\/01\/VOEUX-BUCY-768x497.jpg 768w, https:\/\/www.retrochap.fr\/site\/wp-content\/uploads\/2025\/01\/VOEUX-BUCY-570x369.jpg 570w, https:\/\/www.retrochap.fr\/site\/wp-content\/uploads\/2025\/01\/VOEUX-BUCY.jpg 1200w\" sizes=\"auto, (max-width: 300px) 100vw, 300px\" \/><figcaption id=\"caption-attachment-10677\" class=\"wp-caption-text\">OLYMPUS DIGITAL CAMERA<\/figcaption><\/figure>\n<p>Prochaines c\u00e9r\u00e9monies de voeux o\u00f9 notre club sera repr\u00e9sent\u00e9: COULMIERS, LE BARDON, LA CHAPELLE SAINT MESMIN, MEUNG SUR LOIRE&#8230;.des communes o\u00f9 notre club est pr\u00e9sent par diff\u00e9rentes animations<\/p>\n","protected":false},"excerpt":{"rendered":"<p>Ce samedi notre club \u00e9tait repr\u00e9sent\u00e9 \u00e0 la c\u00e9r\u00e9monie des v\u0153ux de la commune de Bucy St Liphard, commune dont le maire, Denis REIG est un de nos adh\u00e9rents. Denis [&hellip;]<\/p>\n","protected":false},"author":2,"featured_media":0,"comment_status":"closed","ping_status":"closed","sticky":false,"template":"","format":"standard","meta":{"footnotes":""},"categories":[3],"tags":[],"class_list":{"0":"post-10676","1":"post","2":"type-post","3":"status-publish","4":"format-standard","6":"category-news","7":"czr-hentry"},"_links":{"self":[{"href":"https:\/\/www.retrochap.fr\/site\/wp-json\/wp\/v2\/posts\/10676","targetHints":{"allow":["GET"]}}],"collection":[{"href":"https:\/\/www.retrochap.fr\/site\/wp-json\/wp\/v2\/posts"}],"about":[{"href":"https:\/\/www.retrochap.fr\/site\/wp-json\/wp\/v2\/types\/post"}],"author":[{"embeddable":true,"href":"https:\/\/www.retrochap.fr\/site\/wp-json\/wp\/v2\/users\/2"}],"replies":[{"embeddable":true,"href":"https:\/\/www.retrochap.fr\/site\/wp-json\/wp\/v2\/comments?post=10676"}],"version-history":[{"count":4,"href":"https:\/\/www.retrochap.fr\/site\/wp-json\/wp\/v2\/posts\/10676\/revisions"}],"predecessor-version":[{"id":10685,"href":"https:\/\/www.retrochap.fr\/site\/wp-json\/wp\/v2\/posts\/10676\/revisions\/10685"}],"wp:attachment":[{"href":"https:\/\/www.retrochap.fr\/site\/wp-json\/wp\/v2\/media?parent=10676"}],"wp:term":[{"taxonomy":"category","embeddable":true,"href":"https:\/\/www.retrochap.fr\/site\/wp-json\/wp\/v2\/categories?post=10676"},{"taxonomy":"post_tag","embeddable":true,"href":"https:\/\/www.retrochap.fr\/site\/wp-json\/wp\/v2\/tags?post=10676"}],"curies":[{"name":"wp","href":"https:\/\/api.w.org\/{rel}","templated":true}]}}