{"id":10710,"date":"2025-01-27T05:35:53","date_gmt":"2025-01-27T04:35:53","guid":{"rendered":"https:\/\/www.retrochap.fr\/site\/?p=10710"},"modified":"2025-01-27T05:35:53","modified_gmt":"2025-01-27T04:35:53","slug":"un-premier-rdv-frisquet-mais-reussi","status":"publish","type":"post","link":"https:\/\/www.retrochap.fr\/site\/2025\/01\/un-premier-rdv-frisquet-mais-reussi\/","title":{"rendered":"UN PREMIER RDV FRISQUET MAIS REUSSI"},"content":{"rendered":"<p>Un vent froid balayait ce dimanche l&rsquo;esplanade de Beraire mais nous avons tout de m\u00eame accueilli 150 v\u00e9hicules dont certains vus pour le premi\u00e8re fois sur notre site! Le public est venu nombreux d\u00e9couvrir notre plateau&#8230;Notre \u00e9quipe a fait le maximum pour faire de ce rendez-vous une belle r\u00e9ussite&#8230;Seul regret, hormis la RENAULT 16 de Roger et Betty nous n&rsquo;avons pas vu d&rsquo;autres mod\u00e8les ni de Renault 10 et Renault Fuego que nous souhaitions mettre \u00e0 l&rsquo;honneur ce dimanche&#8230;<\/p>\n<p>Nous avons mis \u00e0 l&rsquo;honneur l&rsquo;\u00e9quipage de \u00ab\u00a0MIREILLE LA 4L\u00a0\u00bb accompagn\u00e9 de sa famille qui est venu pr\u00e9senter la 4L enti\u00e8rement restaur\u00e9e par S\u00e9bastien du garage de Baccon&#8230;Lana et son fr\u00e8re vont prendre le d\u00e9part mi f\u00e9vrier direction Biarritz pour rejoindre le Maroc pour l&rsquo;\u00e9dition 2025 du 4L Trophy&#8230;un autocollant de notre club sera coll\u00e9 sur la carrosserie&#8230;nous leur souhaitons un tr\u00e8s bon rallye!<\/p>\n<p>Au stand RETROCHAP nous avons enregistr\u00e9 le renouvellement\u00a0 de plus de 60 adh\u00e9rents auxquels ont \u00e9t\u00e9 remis la plaque et la carte 2025 et un stylo Retrochap!<\/p>\n<p>Un grand merci \u00e0 tous et rendez-vous le 23 f\u00e9vrier!<\/p>\n<figure id=\"attachment_10712\" aria-describedby=\"caption-attachment-10712\" style=\"width: 300px\" class=\"wp-caption alignnone\"><img loading=\"lazy\" decoding=\"async\" class=\"size-medium wp-image-10712\" src=\"https:\/\/www.retrochap.fr\/site\/wp-content\/uploads\/2025\/01\/RENAULT-16-300x257.jpg\" alt=\"\" width=\"300\" height=\"257\" srcset=\"https:\/\/www.retrochap.fr\/site\/wp-content\/uploads\/2025\/01\/RENAULT-16-300x257.jpg 300w, https:\/\/www.retrochap.fr\/site\/wp-content\/uploads\/2025\/01\/RENAULT-16-933x800.jpg 933w, https:\/\/www.retrochap.fr\/site\/wp-content\/uploads\/2025\/01\/RENAULT-16-768x659.jpg 768w, https:\/\/www.retrochap.fr\/site\/wp-content\/uploads\/2025\/01\/RENAULT-16-570x489.jpg 570w, https:\/\/www.retrochap.fr\/site\/wp-content\/uploads\/2025\/01\/RENAULT-16.jpg 1024w\" sizes=\"auto, (max-width: 300px) 100vw, 300px\" \/><figcaption id=\"caption-attachment-10712\" class=\"wp-caption-text\">OLYMPUS DIGITAL CAMERA<\/figcaption><\/figure>\n<figure id=\"attachment_10713\" aria-describedby=\"caption-attachment-10713\" style=\"width: 300px\" class=\"wp-caption alignnone\"><img loading=\"lazy\" decoding=\"async\" class=\"size-medium wp-image-10713\" src=\"https:\/\/www.retrochap.fr\/site\/wp-content\/uploads\/2025\/01\/PEUGEOT-403-300x172.jpg\" alt=\"\" width=\"300\" height=\"172\" srcset=\"https:\/\/www.retrochap.fr\/site\/wp-content\/uploads\/2025\/01\/PEUGEOT-403-300x172.jpg 300w, https:\/\/www.retrochap.fr\/site\/wp-content\/uploads\/2025\/01\/PEUGEOT-403-768x440.jpg 768w, https:\/\/www.retrochap.fr\/site\/wp-content\/uploads\/2025\/01\/PEUGEOT-403-570x327.jpg 570w, https:\/\/www.retrochap.fr\/site\/wp-content\/uploads\/2025\/01\/PEUGEOT-403.jpg 1024w\" sizes=\"auto, (max-width: 300px) 100vw, 300px\" \/><figcaption id=\"caption-attachment-10713\" class=\"wp-caption-text\">OLYMPUS DIGITAL CAMERA<\/figcaption><\/figure>\n<p><img loading=\"lazy\" decoding=\"async\" class=\"alignnone size-medium wp-image-10714\" src=\"https:\/\/www.retrochap.fr\/site\/wp-content\/uploads\/2025\/01\/MIREILLE-LA-4L-300x197.jpg\" alt=\"\" width=\"300\" height=\"197\" srcset=\"https:\/\/www.retrochap.fr\/site\/wp-content\/uploads\/2025\/01\/MIREILLE-LA-4L-300x197.jpg 300w, https:\/\/www.retrochap.fr\/site\/wp-content\/uploads\/2025\/01\/MIREILLE-LA-4L-1024x672.jpg 1024w, https:\/\/www.retrochap.fr\/site\/wp-content\/uploads\/2025\/01\/MIREILLE-LA-4L-768x504.jpg 768w, https:\/\/www.retrochap.fr\/site\/wp-content\/uploads\/2025\/01\/MIREILLE-LA-4L-1536x1008.jpg 1536w, https:\/\/www.retrochap.fr\/site\/wp-content\/uploads\/2025\/01\/MIREILLE-LA-4L-570x374.jpg 570w, https:\/\/www.retrochap.fr\/site\/wp-content\/uploads\/2025\/01\/MIREILLE-LA-4L-1320x866.jpg 1320w, https:\/\/www.retrochap.fr\/site\/wp-content\/uploads\/2025\/01\/MIREILLE-LA-4L.jpg 1824w\" sizes=\"auto, (max-width: 300px) 100vw, 300px\" \/><\/p>\n","protected":false},"excerpt":{"rendered":"<p>Un vent froid balayait ce dimanche l&rsquo;esplanade de Beraire mais nous avons tout de m\u00eame accueilli 150 v\u00e9hicules dont certains vus pour le premi\u00e8re fois sur notre site! Le public [&hellip;]<\/p>\n","protected":false},"author":2,"featured_media":0,"comment_status":"closed","ping_status":"closed","sticky":false,"template":"","format":"standard","meta":{"footnotes":""},"categories":[3],"tags":[],"class_list":{"0":"post-10710","1":"post","2":"type-post","3":"status-publish","4":"format-standard","6":"category-news","7":"czr-hentry"},"_links":{"self":[{"href":"https:\/\/www.retrochap.fr\/site\/wp-json\/wp\/v2\/posts\/10710","targetHints":{"allow":["GET"]}}],"collection":[{"href":"https:\/\/www.retrochap.fr\/site\/wp-json\/wp\/v2\/posts"}],"about":[{"href":"https:\/\/www.retrochap.fr\/site\/wp-json\/wp\/v2\/types\/post"}],"author":[{"embeddable":true,"href":"https:\/\/www.retrochap.fr\/site\/wp-json\/wp\/v2\/users\/2"}],"replies":[{"embeddable":true,"href":"https:\/\/www.retrochap.fr\/site\/wp-json\/wp\/v2\/comments?post=10710"}],"version-history":[{"count":1,"href":"https:\/\/www.retrochap.fr\/site\/wp-json\/wp\/v2\/posts\/10710\/revisions"}],"predecessor-version":[{"id":10716,"href":"https:\/\/www.retrochap.fr\/site\/wp-json\/wp\/v2\/posts\/10710\/revisions\/10716"}],"wp:attachment":[{"href":"https:\/\/www.retrochap.fr\/site\/wp-json\/wp\/v2\/media?parent=10710"}],"wp:term":[{"taxonomy":"category","embeddable":true,"href":"https:\/\/www.retrochap.fr\/site\/wp-json\/wp\/v2\/categories?post=10710"},{"taxonomy":"post_tag","embeddable":true,"href":"https:\/\/www.retrochap.fr\/site\/wp-json\/wp\/v2\/tags?post=10710"}],"curies":[{"name":"wp","href":"https:\/\/api.w.org\/{rel}","templated":true}]}}