{"id":10810,"date":"2025-02-03T10:18:43","date_gmt":"2025-02-03T09:18:43","guid":{"rendered":"https:\/\/www.retrochap.fr\/site\/?p=10810"},"modified":"2025-02-03T10:21:44","modified_gmt":"2025-02-03T09:21:44","slug":"reunion-regionale-de-la-ffve-samedi-01-fevrier-2025","status":"publish","type":"post","link":"https:\/\/www.retrochap.fr\/site\/2025\/02\/reunion-regionale-de-la-ffve-samedi-01-fevrier-2025\/","title":{"rendered":"R\u00e9union R\u00e9gionale de la FFVE Samedi 01 f\u00e9vrier 2025"},"content":{"rendered":"<p>Ce Samedi 01 f\u00e9vrier \u00e0 Meung sur Loire, s&rsquo;est tenue la r\u00e9union r\u00e9gionale annuelle de la FFVE, organis\u00e9e par Jean-Gabriel Martin, d\u00e9l\u00e9gu\u00e9 FFVE pour le 28, 41 et 45, et anim\u00e9e par Gilbert Marchini, d\u00e9l\u00e9gu\u00e9 r\u00e9gional Grand Ouest.<\/p>\n<p>Plus de 30 personnes ont assist\u00e9 \u00e0 cette matin\u00e9e de travail, conclue par un buffet g\u00e9n\u00e9reusement garni et pr\u00e9par\u00e9 par le traiteur Rousseau de la Chapelle St Mesmin.<\/p>\n<p>Parmi les participants, une douzaine de clubs venus des diff\u00e9rents d\u00e9partements concern\u00e9s, ainsi qu&rsquo;un professionnel. 2 membres du CD R\u00e9trochap, Dominique et Emmanuel, repr\u00e9sentaient notre club.<\/p>\n<p>Les sujets abord\u00e9s ont port\u00e9s essentiellement sur:<\/p>\n<ul>\n<li>Pr\u00e9sentation et r\u00f4le de la FFVE, association reconnue \u00ab\u00a0d&rsquo;utilit\u00e9 publique\u00a0\u00bb.<\/li>\n<li>La pr\u00e9sence de la FFVE sur les grands \u00e9v\u00e8nements nationaux ou r\u00e9gionaux dont prochainement R\u00e9tromobile (du 05 au 09 f\u00e9vrier \u00e0 Paris, porte de Versailles).<\/li>\n<li>Tout comme l&rsquo;an pass\u00e9, une longue intervention sur la situation administrative des v\u00e9hicules anciens, avec la consigne rappel\u00e9e qu&rsquo;en cas d&rsquo;acquisition d&rsquo;un v\u00e9hicule \u00e0 restaurer, de penser \u00e0 faire imm\u00e9diatement une demande de carte grise normale avant d&rsquo;entreprendre une quelconque restauration. Surtout, r\u00e9unir le maximum de documents pour l&rsquo;obtention de cette carte grise (barr\u00e9 rouge, facture, certificat de fabrication, historique de la voiture, etc&#8230;)<\/li>\n<li>Les intervenants sont revenus sur le dossier \u00ab\u00a0agr\u00e9ment tourisme\u00a0\u00bb, qui est un vrai sac de noeud mais qui peut se r\u00e9sumer ainsi: Lorsque l&rsquo;on organise une sortie, et que l&rsquo;on dort 2 nuits et plus, le club est consid\u00e9r\u00e9 comme \u00ab\u00a0agent de voyage\u00a0\u00bb et devrait donc se d\u00e9clarer comme tel, moyennant une caution de&#8230;30.000\u20ac! Personne bien s\u00fbr ne le fait, ce qui a pour cons\u00e9quence que nous sommes tous actuellement en infraction. Cela concerne tout type d&rsquo;association, quelque soit son domaine d&rsquo;activit\u00e9 (sportif, culturel, club des anciens, etc&#8230;). A tr\u00e8s court terme, la solution est que lorsque nous organisons des sorties, il faudrait que chaque participant r\u00e9serve sa chambre d&rsquo;h\u00f4tel et la paye sur ses deniers; donnant ainsi un caract\u00e8re individuel \u00e0 la d\u00e9marche, sans que le club ne soit impact\u00e9.<\/li>\n<li>Enfin, a \u00e9t\u00e9 pr\u00e9sent\u00e9e la <strong><em>vignette Crit&rsquo;air dite de Collection,<\/em><\/strong> qui devrait \u00eatre disponible prochainement aupr\u00e8s de la FFVE. Valable 5 ans, au prix de 3 \u20ac, elle est exclusivement r\u00e9serv\u00e9e aux v\u00e9hicules disposant d&rsquo;une carte grise collection, et permet de circuler n&rsquo;importe o\u00f9, notamment dans les zones ZFE. Il est possible de se renseigner aupr\u00e8s de Jean-Gabriel Martin pour obtenir cette vignette.<\/li>\n<\/ul>\n<p>Pour finir la matin\u00e9e, et apr\u00e8s que les clubs se soient pr\u00e9sent\u00e9s et expos\u00e9s leurs activit\u00e9s, Jean-Gabriel Martin nous a fait part d&rsquo;une id\u00e9e qu&rsquo;il est en train de d\u00e9velopper et souhaite mettre en place avec les clubs; \u00e0 savoir l&rsquo;organisation d&rsquo;une journ\u00e9e de formation pour effectuer les d\u00e9marches en ligne en vue de l&rsquo;obtention de l&rsquo;attestation d&rsquo;un certificat d&rsquo;immatriculation \u00ab\u00a0v\u00e9hicule de collection\u00a0\u00bb. R\u00e9unir plusieurs personnes d&rsquo;un m\u00eame club et les aider \u00e0 naviguer et manipuler l&rsquo;outil internet, r\u00e9aliser les photos conformes avec son t\u00e9l\u00e9phone portable, etc&#8230;<\/p>\n<p>Jean-Gabriel Martin se rapprochera des Pr\u00e9sidents de clubs susceptibles d&rsquo;\u00eatre int\u00e9ress\u00e9s par cette id\u00e9e.<\/p>\n","protected":false},"excerpt":{"rendered":"<p>Ce Samedi 01 f\u00e9vrier \u00e0 Meung sur Loire, s&rsquo;est tenue la r\u00e9union r\u00e9gionale annuelle de la FFVE, organis\u00e9e par Jean-Gabriel Martin, d\u00e9l\u00e9gu\u00e9 FFVE pour le 28, 41 et 45, et [&hellip;]<\/p>\n","protected":false},"author":8,"featured_media":10812,"comment_status":"closed","ping_status":"closed","sticky":false,"template":"","format":"standard","meta":{"footnotes":""},"categories":[3],"tags":[],"class_list":{"0":"post-10810","1":"post","2":"type-post","3":"status-publish","4":"format-standard","5":"has-post-thumbnail","7":"category-news","8":"czr-hentry"},"_links":{"self":[{"href":"https:\/\/www.retrochap.fr\/site\/wp-json\/wp\/v2\/posts\/10810","targetHints":{"allow":["GET"]}}],"collection":[{"href":"https:\/\/www.retrochap.fr\/site\/wp-json\/wp\/v2\/posts"}],"about":[{"href":"https:\/\/www.retrochap.fr\/site\/wp-json\/wp\/v2\/types\/post"}],"author":[{"embeddable":true,"href":"https:\/\/www.retrochap.fr\/site\/wp-json\/wp\/v2\/users\/8"}],"replies":[{"embeddable":true,"href":"https:\/\/www.retrochap.fr\/site\/wp-json\/wp\/v2\/comments?post=10810"}],"version-history":[{"count":4,"href":"https:\/\/www.retrochap.fr\/site\/wp-json\/wp\/v2\/posts\/10810\/revisions"}],"predecessor-version":[{"id":10817,"href":"https:\/\/www.retrochap.fr\/site\/wp-json\/wp\/v2\/posts\/10810\/revisions\/10817"}],"wp:featuredmedia":[{"embeddable":true,"href":"https:\/\/www.retrochap.fr\/site\/wp-json\/wp\/v2\/media\/10812"}],"wp:attachment":[{"href":"https:\/\/www.retrochap.fr\/site\/wp-json\/wp\/v2\/media?parent=10810"}],"wp:term":[{"taxonomy":"category","embeddable":true,"href":"https:\/\/www.retrochap.fr\/site\/wp-json\/wp\/v2\/categories?post=10810"},{"taxonomy":"post_tag","embeddable":true,"href":"https:\/\/www.retrochap.fr\/site\/wp-json\/wp\/v2\/tags?post=10810"}],"curies":[{"name":"wp","href":"https:\/\/api.w.org\/{rel}","templated":true}]}}