{"id":11198,"date":"2025-05-02T15:30:15","date_gmt":"2025-05-02T13:30:15","guid":{"rendered":"https:\/\/www.retrochap.fr\/site\/?p=11198"},"modified":"2025-05-03T08:58:17","modified_gmt":"2025-05-03T06:58:17","slug":"ludivic-tiberi-nous-a-quitte","status":"publish","type":"post","link":"https:\/\/www.retrochap.fr\/site\/2025\/05\/ludivic-tiberi-nous-a-quitte\/","title":{"rendered":"LUDOVIC TIBERI NOUS A QUITTE"},"content":{"rendered":"<p>Qui ne connaissait pas Ludovic, appel\u00e9 amicalement LUDO&#8230;ce passionn\u00e9 de rock, de voitures am\u00e9ricaines \u00e9tait d&rsquo;une tr\u00e8s grande gentillesse<\/p>\n<p>Il a d\u00e9but\u00e9 dans les \u00ab\u00a0anciennes\u00a0\u00bb avec un combi remis en \u00e9tat avec l&rsquo;aide de notre adh\u00e9rent Jean-Claude FETON..<\/p>\n<p>LUDO a cr\u00e9e un superbe festival \u00ab\u00a0ATOMIC\u00a0\u00bb sur le th\u00e8me des ann\u00e9es rock&rsquo;roll&#8230;ce Festival se d\u00e9roulait chaque ann\u00e9e \u00e0 St Pryv\u00e9&#8230;avec des stands de qualit\u00e9, des animations des ann\u00e9es 60, des concerts de rock&#8230;bref il y r\u00e9gnait une superbe ambiance car tout \u00e9tait de qualit\u00e9<\/p>\n<p>Il venait sur nos rendez-vous au volant de sa belle Cadillac verte accompagn\u00e9 de son \u00e9pouse, toujours un petit mot gentil et des conseils pour am\u00e9liorer nos rendez-vous.<\/p>\n<p>Fin ao\u00fbt 2024 il \u00e9tait venu avec une FORD tr\u00e8s ancienne tr\u00e8s fier de cette acquisition, chaleureusement applaudie par les \u00e9lus et le public&#8230;Lors du RDV de septembre il \u00e9tait venu d\u00e9poser des Flyers\u00a0 pour annoncer l&rsquo;ATOMIC FESTIVAL des 14 et 15 d\u00e9cembre&#8230;<\/p>\n<p>Un mois apr\u00e8s il est revenu pour nous annoncer l&rsquo;annulation de cette manifestation suite \u00e0 un grave ennui de sant\u00e9&#8230;<\/p>\n<p>Ses obs\u00e8ques se d\u00e9rouleront le mercredi 7 mai \u00e0 10H00 \u00e0 l&rsquo;Eglise de La Chapelle St Mesmin&#8230;<\/p>\n<p>Venez en tenue rock&rsquo;roll, en am\u00e9ricaine pour lui rendre hommage.<\/p>\n<p>Notre club pr\u00e9sente ses sinc\u00e8res condol\u00e9ance \u00e0 toute sa famille.<\/p>\n","protected":false},"excerpt":{"rendered":"<p>Qui ne connaissait pas Ludovic, appel\u00e9 amicalement LUDO&#8230;ce passionn\u00e9 de rock, de voitures am\u00e9ricaines \u00e9tait d&rsquo;une tr\u00e8s grande gentillesse Il a d\u00e9but\u00e9 dans les \u00ab\u00a0anciennes\u00a0\u00bb avec un combi remis en [&hellip;]<\/p>\n","protected":false},"author":2,"featured_media":0,"comment_status":"closed","ping_status":"closed","sticky":false,"template":"","format":"standard","meta":{"footnotes":""},"categories":[3],"tags":[],"class_list":{"0":"post-11198","1":"post","2":"type-post","3":"status-publish","4":"format-standard","6":"category-news","7":"czr-hentry"},"_links":{"self":[{"href":"https:\/\/www.retrochap.fr\/site\/wp-json\/wp\/v2\/posts\/11198","targetHints":{"allow":["GET"]}}],"collection":[{"href":"https:\/\/www.retrochap.fr\/site\/wp-json\/wp\/v2\/posts"}],"about":[{"href":"https:\/\/www.retrochap.fr\/site\/wp-json\/wp\/v2\/types\/post"}],"author":[{"embeddable":true,"href":"https:\/\/www.retrochap.fr\/site\/wp-json\/wp\/v2\/users\/2"}],"replies":[{"embeddable":true,"href":"https:\/\/www.retrochap.fr\/site\/wp-json\/wp\/v2\/comments?post=11198"}],"version-history":[{"count":3,"href":"https:\/\/www.retrochap.fr\/site\/wp-json\/wp\/v2\/posts\/11198\/revisions"}],"predecessor-version":[{"id":11209,"href":"https:\/\/www.retrochap.fr\/site\/wp-json\/wp\/v2\/posts\/11198\/revisions\/11209"}],"wp:attachment":[{"href":"https:\/\/www.retrochap.fr\/site\/wp-json\/wp\/v2\/media?parent=11198"}],"wp:term":[{"taxonomy":"category","embeddable":true,"href":"https:\/\/www.retrochap.fr\/site\/wp-json\/wp\/v2\/categories?post=11198"},{"taxonomy":"post_tag","embeddable":true,"href":"https:\/\/www.retrochap.fr\/site\/wp-json\/wp\/v2\/tags?post=11198"}],"curies":[{"name":"wp","href":"https:\/\/api.w.org\/{rel}","templated":true}]}}