{"id":11869,"date":"2025-10-07T10:04:33","date_gmt":"2025-10-07T08:04:33","guid":{"rendered":"https:\/\/www.retrochap.fr\/site\/?p=11869"},"modified":"2025-10-07T10:04:33","modified_gmt":"2025-10-07T08:04:33","slug":"la-moto-darthur","status":"publish","type":"post","link":"https:\/\/www.retrochap.fr\/site\/2025\/10\/la-moto-darthur\/","title":{"rendered":"LA MOTO D&rsquo;ARTHUR"},"content":{"rendered":"<p>Arthur, notre ex tr\u00e9sorier mais aussi petit-fils du pr\u00e9sident est venu de Tours sur notre rendez-vous du 28 septembre avec une moto BMW qu&rsquo;il a remise en \u00e9tat&#8230;<\/p>\n<p>C&rsquo;est une BMW R65 45 CV de 1980 non roulante arr\u00eat\u00e9e depuis plus d&rsquo;un an acquise pour mois de 1000 euros. C&rsquo;est un mod\u00e8le qu&rsquo;un m\u00e9canicien de chez BMW Angers avait transform\u00e9 en \u00ab\u00a0caf\u00e9 racer\u00a0\u00bb&#8230;<\/p>\n<p>Arthur a refait le filetage des puits de bougies, changer tous les joints moteurs, fait toutes les vidanges, changer et fait le r\u00e9glage de soupapes, changer les silencieux, r\u00e9gler les carburateurs..<\/p>\n<p>Cette moto a un look, elle est maintenant la mascotte de l&rsquo;auto entreprise qu&rsquo;il a cr\u00e9\u00e9 dans le domaine \u00e9v\u00e9nementiel et communication, une moto qui lui sert pour d\u00e9marcher d&rsquo;\u00e9ventuels clients!<\/p>\n<p>Bravo Arthur pour ce travail!<\/p>\n<p><img loading=\"lazy\" decoding=\"async\" class=\"alignnone size-medium wp-image-11870\" src=\"https:\/\/www.retrochap.fr\/site\/wp-content\/uploads\/2025\/10\/moto-Arthur-1-300x201.jpeg\" alt=\"\" width=\"300\" height=\"201\" srcset=\"https:\/\/www.retrochap.fr\/site\/wp-content\/uploads\/2025\/10\/moto-Arthur-1-300x201.jpeg 300w, https:\/\/www.retrochap.fr\/site\/wp-content\/uploads\/2025\/10\/moto-Arthur-1-570x381.jpeg 570w, https:\/\/www.retrochap.fr\/site\/wp-content\/uploads\/2025\/10\/moto-Arthur-1.jpeg 640w\" sizes=\"auto, (max-width: 300px) 100vw, 300px\" \/><img loading=\"lazy\" decoding=\"async\" class=\"alignnone size-medium wp-image-11871\" src=\"https:\/\/www.retrochap.fr\/site\/wp-content\/uploads\/2025\/10\/moto-Arthur-2-200x300.jpeg\" alt=\"\" width=\"200\" height=\"300\" srcset=\"https:\/\/www.retrochap.fr\/site\/wp-content\/uploads\/2025\/10\/moto-Arthur-2-200x300.jpeg 200w, https:\/\/www.retrochap.fr\/site\/wp-content\/uploads\/2025\/10\/moto-Arthur-2.jpeg 427w\" sizes=\"auto, (max-width: 200px) 100vw, 200px\" \/><\/p>\n","protected":false},"excerpt":{"rendered":"<p>Arthur, notre ex tr\u00e9sorier mais aussi petit-fils du pr\u00e9sident est venu de Tours sur notre rendez-vous du 28 septembre avec une moto BMW qu&rsquo;il a remise en \u00e9tat&#8230; C&rsquo;est une [&hellip;]<\/p>\n","protected":false},"author":2,"featured_media":11871,"comment_status":"closed","ping_status":"closed","sticky":false,"template":"","format":"standard","meta":{"footnotes":""},"categories":[3],"tags":[],"class_list":{"0":"post-11869","1":"post","2":"type-post","3":"status-publish","4":"format-standard","5":"has-post-thumbnail","7":"category-news","8":"czr-hentry"},"_links":{"self":[{"href":"https:\/\/www.retrochap.fr\/site\/wp-json\/wp\/v2\/posts\/11869","targetHints":{"allow":["GET"]}}],"collection":[{"href":"https:\/\/www.retrochap.fr\/site\/wp-json\/wp\/v2\/posts"}],"about":[{"href":"https:\/\/www.retrochap.fr\/site\/wp-json\/wp\/v2\/types\/post"}],"author":[{"embeddable":true,"href":"https:\/\/www.retrochap.fr\/site\/wp-json\/wp\/v2\/users\/2"}],"replies":[{"embeddable":true,"href":"https:\/\/www.retrochap.fr\/site\/wp-json\/wp\/v2\/comments?post=11869"}],"version-history":[{"count":1,"href":"https:\/\/www.retrochap.fr\/site\/wp-json\/wp\/v2\/posts\/11869\/revisions"}],"predecessor-version":[{"id":11873,"href":"https:\/\/www.retrochap.fr\/site\/wp-json\/wp\/v2\/posts\/11869\/revisions\/11873"}],"wp:featuredmedia":[{"embeddable":true,"href":"https:\/\/www.retrochap.fr\/site\/wp-json\/wp\/v2\/media\/11871"}],"wp:attachment":[{"href":"https:\/\/www.retrochap.fr\/site\/wp-json\/wp\/v2\/media?parent=11869"}],"wp:term":[{"taxonomy":"category","embeddable":true,"href":"https:\/\/www.retrochap.fr\/site\/wp-json\/wp\/v2\/categories?post=11869"},{"taxonomy":"post_tag","embeddable":true,"href":"https:\/\/www.retrochap.fr\/site\/wp-json\/wp\/v2\/tags?post=11869"}],"curies":[{"name":"wp","href":"https:\/\/api.w.org\/{rel}","templated":true}]}}