{"id":12067,"date":"2025-11-27T18:02:40","date_gmt":"2025-11-27T17:02:40","guid":{"rendered":"https:\/\/www.retrochap.fr\/site\/?p=12067"},"modified":"2025-11-27T18:02:40","modified_gmt":"2025-11-27T17:02:40","slug":"e-mail-recu-ce-jour-de-la-ffve","status":"publish","type":"post","link":"https:\/\/www.retrochap.fr\/site\/2025\/11\/e-mail-recu-ce-jour-de-la-ffve\/","title":{"rendered":"E-MAIL RECU CE JOUR DE LA FFVE"},"content":{"rendered":"<table class=\"m_8581674868436410517r4-o\" role=\"presentation\" border=\"0\" width=\"100%\" cellspacing=\"0\" cellpadding=\"0\" align=\"center\">\n<tbody>\n<tr>\n<td class=\"m_8581674868436410517r16-i\">\n<table role=\"presentation\" border=\"0\" width=\"100%\" cellspacing=\"0\" cellpadding=\"0\">\n<tbody>\n<tr>\n<th class=\"m_8581674868436410517r2-c\" valign=\"top\" width=\"100%\">\n<table class=\"m_8581674868436410517r3-o\" role=\"presentation\" border=\"0\" width=\"100%\" cellspacing=\"0\" cellpadding=\"0\">\n<tbody>\n<tr>\n<td class=\"m_8581674868436410517r9-i\" valign=\"top\">\n<table role=\"presentation\" border=\"0\" width=\"100%\" cellspacing=\"0\" cellpadding=\"0\">\n<tbody>\n<tr>\n<td class=\"m_8581674868436410517r11-c\" align=\"left\">\n<table class=\"m_8581674868436410517r12-o\" role=\"presentation\" border=\"0\" width=\"100%\" cellspacing=\"0\" cellpadding=\"0\">\n<tbody>\n<tr>\n<td class=\"m_8581674868436410517r21-i m_8581674868436410517nl2go-default-textstyle\" align=\"justify\" valign=\"top\">\n<div>\n<p id=\"m_8581674868436410517isPasted\">Cher(e)s collectionneur(se)s,<\/p>\n<p>Consciente de la forte attente du collectionneur, depuis quelques ann\u00e9es et notamment depuis la cr\u00e9ation de la vignette Crit\u2019air en 2017, la F\u00e9d\u00e9ration Fran\u00e7aise des V\u00e9hicules d\u2019Epoque s\u2019est engag\u00e9e dans le d\u00e9veloppement d\u2019un signe distinctif d\u00e9di\u00e9 aux v\u00e9hicules de Collection.<\/p>\n<\/div>\n<\/td>\n<\/tr>\n<\/tbody>\n<\/table>\n<\/td>\n<\/tr>\n<tr>\n<td class=\"m_8581674868436410517r22-c\" align=\"center\" height=\"30\">\u00ad<\/td>\n<\/tr>\n<tr>\n<td class=\"m_8581674868436410517r23-c m_8581674868436410517nl2go-default-textstyle\" align=\"left\">\n<div>\n<p><strong>L&rsquo;origine de la vignette\u00a0<\/strong><\/p>\n<\/div>\n<\/td>\n<\/tr>\n<tr>\n<td class=\"m_8581674868436410517r11-c\" align=\"left\">\n<table class=\"m_8581674868436410517r12-o\" role=\"presentation\" border=\"0\" width=\"100%\" cellspacing=\"0\" cellpadding=\"0\">\n<tbody>\n<tr>\n<td class=\"m_8581674868436410517r21-i m_8581674868436410517nl2go-default-textstyle\" align=\"justify\" valign=\"top\">\n<div>\n<p id=\"m_8581674868436410517isPasted\">Les d\u00e9marches pour cette distinction ont d\u00e9but\u00e9 d\u00e8s 2021, obtenant le soutien du Premier ministre pour cr\u00e9er un dispositif sp\u00e9cifique, puis celui du Minist\u00e8re des Transports en 2022. Malgr\u00e9 un contexte politique instable, la FFVE a pers\u00e9v\u00e9r\u00e9 et a conclu un accord avec les Minist\u00e8res de l&rsquo;Int\u00e9rieur et des Transports. \u00c0 l&rsquo;instar de nos voisins europ\u00e9ens, la F\u00e9d\u00e9ration est fi\u00e8re de lancer la Vignette Collection qui permettra d\u2019identification imm\u00e9diate des v\u00e9hicules ayant le statut de collection.<\/p>\n<p>Cette nouvelle vignette est une r\u00e9ponse directe au sentiment d&rsquo;injustice de nombreux collectionneurs. Face \u00e0 la g\u00e9n\u00e9ralisation de Crit&rsquo;Air et \u00e0 la mont\u00e9e des ZFE, nos v\u00e9hicules anciens \u00e9taient souvent mis \u00e0 l&rsquo;\u00e9cart ou assimil\u00e9s, \u00e0 tort, \u00e0 de grands pollueurs. La vignette vient corriger, symboliquement, cette image stigmatisante et r\u00e9tablit une reconnaissance plus juste de cet objet du patrimoine.<\/p>\n<\/div>\n<\/td>\n<\/tr>\n<\/tbody>\n<\/table>\n<\/td>\n<\/tr>\n<tr>\n<td class=\"m_8581674868436410517r22-c\" align=\"center\" height=\"30\">\u00ad<\/td>\n<\/tr>\n<tr>\n<td class=\"m_8581674868436410517r23-c m_8581674868436410517nl2go-default-textstyle\" align=\"left\">\n<div>\n<p><strong>L&rsquo;histoire se raconte en roulant\u00a0<\/strong><\/p>\n<\/div>\n<\/td>\n<\/tr>\n<tr>\n<td class=\"m_8581674868436410517r11-c\" align=\"left\">\n<table class=\"m_8581674868436410517r12-o\" role=\"presentation\" border=\"0\" width=\"100%\" cellspacing=\"0\" cellpadding=\"0\">\n<tbody>\n<tr>\n<td class=\"m_8581674868436410517r21-i m_8581674868436410517nl2go-default-textstyle\" align=\"justify\" valign=\"top\">\n<div>\n<p id=\"m_8581674868436410517isPasted\">L&rsquo;histoire se raconte v\u00e9ritablement en roulant, et la Vignette Collection en est un nouveau support.<\/p>\n<p>\u00c0 la diff\u00e9rence des plaques d\u2019immatriculation noires, la vignette affiche la\u00a0<strong>mention Collection<\/strong>\u00a0et la\u00a0<strong>date de la 1\u00e8re mise en circulation<\/strong>, une mani\u00e8re de renseigner le grand public en un coup d\u2019\u0153il sur cette notion de Patrimoine. Cette visibilit\u00e9 imm\u00e9diate a un fort pouvoir p\u00e9dagogique. Ces \u00e9l\u00e9ments d\u00e9montrent que l\u2019histoire Automobile s&rsquo;entretient et se transmet pour pouvoir circuler encore aujourd\u2019hui. Le propri\u00e9taire devient l\u2019ambassadeur de cette histoire patrimoniale, culturelle, m\u00e9canique et industrielle.<\/p>\n<p>\u00c0 noter, que les plaques d\u2019immatriculation noires ne sont pas un signe distinctif du statut Collection puisqu\u2019elles peuvent \u00eatre utilis\u00e9es pour tous v\u00e9hicules anciens d\u2019avant 1993.<\/p>\n<\/div>\n<\/td>\n<\/tr>\n<\/tbody>\n<\/table>\n<\/td>\n<\/tr>\n<tr>\n<td class=\"m_8581674868436410517r22-c\" align=\"center\" height=\"30\">\u00ad<\/td>\n<\/tr>\n<tr>\n<td class=\"m_8581674868436410517r23-c m_8581674868436410517nl2go-default-textstyle\" align=\"left\">\n<div>\n<p><strong>Une identification plus facile\u00a0<\/strong><\/p>\n<\/div>\n<\/td>\n<\/tr>\n<tr>\n<td class=\"m_8581674868436410517r10-c m_8581674868436410517nl2go-default-textstyle\" align=\"left\">\n<div>\n<p id=\"m_8581674868436410517isPasted\">La vignette a aussi pour vocation de rendre visible un statut administratif existant, valid\u00e9 via le SIV, et faciliter la reconnaissance des v\u00e9hicules de collection par les autorit\u00e9s.<\/p>\n<p>Elle s\u2019inscrit dans une dynamique de sensibilisation et de valorisation du patrimoine roulant, sans constituer un passe-droit, ni un titre de circulation, ni une mesure r\u00e9glementaire suppl\u00e9mentaire comme les Crit\u2019Air.<\/p>\n<\/div>\n<\/td>\n<\/tr>\n<tr>\n<td class=\"m_8581674868436410517r22-c\" align=\"center\" height=\"30\">\u00ad<\/td>\n<\/tr>\n<tr>\n<td class=\"m_8581674868436410517r23-c m_8581674868436410517nl2go-default-textstyle\" align=\"left\">\n<div>\n<p><strong>Comment l&rsquo;obtenir ?<\/strong><\/p>\n<\/div>\n<\/td>\n<\/tr>\n<tr>\n<td class=\"m_8581674868436410517r11-c\" align=\"left\">\n<table class=\"m_8581674868436410517r12-o\" role=\"presentation\" border=\"0\" width=\"100%\" cellspacing=\"0\" cellpadding=\"0\">\n<tbody>\n<tr>\n<td class=\"m_8581674868436410517r21-i m_8581674868436410517nl2go-default-textstyle\" align=\"justify\" valign=\"top\">\n<div>\n<p id=\"m_8581674868436410517isPasted\">Elle est \u00e0 pr\u00e9sent disponible \u00e0 la vente sur le site FFVE au prix unique de 15\u20ac (frais d\u2019exp\u00e9dition inclus). Elle sera d\u2019une validit\u00e9 de 5 ans, pour renforcer le contr\u00f4le du statut en cas de vente ou de modification du v\u00e9hicule. Son hologramme et QR Code permettent une s\u00e9curisation suppl\u00e9mentaire contre les contrefa\u00e7ons.<\/p>\n<p>Elle ne constitue nullement un imp\u00f4t ni une contrainte car elle n\u2019est pas obligatoire, chacun est libre de l\u2019obtenir.<\/p>\n<\/div>\n<\/td>\n<\/tr>\n<\/tbody>\n<\/table>\n<\/td>\n<\/tr>\n<\/tbody>\n<\/table>\n<\/td>\n<\/tr>\n<\/tbody>\n<\/table>\n<\/th>\n<\/tr>\n<\/tbody>\n<\/table>\n<\/td>\n<\/tr>\n<\/tbody>\n<\/table>\n<table class=\"m_8581674868436410517r24-o\" role=\"presentation\" border=\"0\" width=\"100%\" cellspacing=\"0\" cellpadding=\"0\" align=\"center\">\n<tbody>\n<tr>\n<td class=\"m_8581674868436410517r25-i\">\n<table role=\"presentation\" border=\"0\" width=\"100%\" cellspacing=\"0\" cellpadding=\"0\">\n<tbody>\n<tr>\n<th class=\"m_8581674868436410517r2-c\" valign=\"top\" width=\"100%\">\n<table class=\"m_8581674868436410517r3-o\" role=\"presentation\" border=\"0\" width=\"100%\" cellspacing=\"0\" cellpadding=\"0\">\n<tbody>\n<tr>\n<td class=\"m_8581674868436410517r9-i\" valign=\"top\">\n<table role=\"presentation\" border=\"0\" width=\"100%\" cellspacing=\"0\" cellpadding=\"0\">\n<tbody>\n<tr>\n<td class=\"m_8581674868436410517r11-c\" align=\"left\">\n<table class=\"m_8581674868436410517r12-o\" role=\"presentation\" border=\"0\" width=\"100%\" cellspacing=\"0\" cellpadding=\"0\">\n<tbody>\n<tr>\n<td class=\"m_8581674868436410517r26-i m_8581674868436410517nl2go-default-textstyle\" align=\"center\" valign=\"top\">\n<div>\n<p id=\"m_8581674868436410517isPasted\"><strong>En r\u00e9sum\u00e9, cette vignette qui n\u2019est pas obligatoire, est le seul signe de reconnaissance ext\u00e9rieur du v\u00e9hicule en statut de collection.<\/strong><\/p>\n<\/div>\n<\/td>\n<\/tr>\n<\/tbody>\n<\/table>\n<\/td>\n<\/tr>\n<tr>\n<td class=\"m_8581674868436410517r22-c\" align=\"center\" height=\"30\">\u00ad<\/td>\n<\/tr>\n<tr>\n<td class=\"m_8581674868436410517r11-c\" align=\"left\">\n<table class=\"m_8581674868436410517r12-o\" role=\"presentation\" border=\"0\" width=\"100%\" cellspacing=\"0\" cellpadding=\"0\">\n<tbody>\n<tr>\n<td class=\"m_8581674868436410517r27-i m_8581674868436410517nl2go-default-textstyle\" align=\"center\" valign=\"top\">\n<div>\n<p>Jean Louis-Blanc<\/p>\n<p><em>Pr\u00e9sident de la FFVE<\/em><\/p>\n<\/div>\n<\/td>\n<\/tr>\n<\/tbody>\n<\/table>\n<\/td>\n<\/tr>\n<tr>\n<td class=\"m_8581674868436410517r22-c\" align=\"center\" height=\"10\">\u00ad<\/td>\n<\/tr>\n<tr>\n<td class=\"m_8581674868436410517r7-c\" align=\"center\">\n<table class=\"m_8581674868436410517r4-o\" role=\"presentation\" border=\"0\" width=\"130\" cellspacing=\"0\" cellpadding=\"0\">\n<tbody>\n<tr>\n<td class=\"m_8581674868436410517r20-i\"><img decoding=\"async\" class=\"CToWUd\" src=\"https:\/\/ci3.googleusercontent.com\/meips\/ADKq_NYbfkpRwVA-u1mT2iiXFii2LC3Zd8nu9R2M3jLrqBpGcqojFZ-Q-12KUTihfMy8t9JOplEvzHV5gEslTpTjnpcWY1PSO1gmMkDG7E6Prq-2CP0uGMaJfG4CmnpF5Aejf_Kxl4wDLIlImG7Np9TuLT3LJn8QPA=s0-d-e1-ft#https:\/\/img.mailinblue.com\/1802709\/images\/content_library\/original\/679c953f3cc90fd4e7d4bcd3.png\" width=\"130\" border=\"0\" data-bit=\"iit\" \/><\/td>\n<\/tr>\n<\/tbody>\n<\/table>\n<\/td>\n<\/tr>\n<\/tbody>\n<\/table>\n<\/td>\n<\/tr>\n<\/tbody>\n<\/table>\n<\/th>\n<\/tr>\n<\/tbody>\n<\/table>\n<\/td>\n<\/tr>\n<\/tbody>\n<\/table>\n","protected":false},"excerpt":{"rendered":"<p>Cher(e)s collectionneur(se)s, Consciente de la forte attente du collectionneur, depuis quelques ann\u00e9es et notamment depuis la cr\u00e9ation de la vignette Crit\u2019air en 2017, la F\u00e9d\u00e9ration Fran\u00e7aise des V\u00e9hicules d\u2019Epoque s\u2019est [&hellip;]<\/p>\n","protected":false},"author":2,"featured_media":0,"comment_status":"closed","ping_status":"closed","sticky":false,"template":"","format":"standard","meta":{"footnotes":""},"categories":[3],"tags":[],"class_list":{"0":"post-12067","1":"post","2":"type-post","3":"status-publish","4":"format-standard","6":"category-news","7":"czr-hentry"},"_links":{"self":[{"href":"https:\/\/www.retrochap.fr\/site\/wp-json\/wp\/v2\/posts\/12067","targetHints":{"allow":["GET"]}}],"collection":[{"href":"https:\/\/www.retrochap.fr\/site\/wp-json\/wp\/v2\/posts"}],"about":[{"href":"https:\/\/www.retrochap.fr\/site\/wp-json\/wp\/v2\/types\/post"}],"author":[{"embeddable":true,"href":"https:\/\/www.retrochap.fr\/site\/wp-json\/wp\/v2\/users\/2"}],"replies":[{"embeddable":true,"href":"https:\/\/www.retrochap.fr\/site\/wp-json\/wp\/v2\/comments?post=12067"}],"version-history":[{"count":1,"href":"https:\/\/www.retrochap.fr\/site\/wp-json\/wp\/v2\/posts\/12067\/revisions"}],"predecessor-version":[{"id":12069,"href":"https:\/\/www.retrochap.fr\/site\/wp-json\/wp\/v2\/posts\/12067\/revisions\/12069"}],"wp:attachment":[{"href":"https:\/\/www.retrochap.fr\/site\/wp-json\/wp\/v2\/media?parent=12067"}],"wp:term":[{"taxonomy":"category","embeddable":true,"href":"https:\/\/www.retrochap.fr\/site\/wp-json\/wp\/v2\/categories?post=12067"},{"taxonomy":"post_tag","embeddable":true,"href":"https:\/\/www.retrochap.fr\/site\/wp-json\/wp\/v2\/tags?post=12067"}],"curies":[{"name":"wp","href":"https:\/\/api.w.org\/{rel}","templated":true}]}}