{"id":12082,"date":"2025-11-30T18:16:31","date_gmt":"2025-11-30T17:16:31","guid":{"rendered":"https:\/\/www.retrochap.fr\/site\/?p=12082"},"modified":"2025-11-30T18:16:31","modified_gmt":"2025-11-30T17:16:31","slug":"14eme-edition-du-rallye-des-lumieres","status":"publish","type":"post","link":"https:\/\/www.retrochap.fr\/site\/2025\/11\/14eme-edition-du-rallye-des-lumieres\/","title":{"rendered":"14\u00e8me EDITION DU \u00ab\u00a0RALLYE DES LUMIERES\u00a0\u00bb"},"content":{"rendered":"<p>Samedi 6 d\u00e9cembre 47 v\u00e9hicules ont rendez-vous \u00e0 14H sur l&rsquo;Esplanade de Beraire pour participer \u00e0 notre 14\u00e8me \u00e9dition de cette sortie hivernale o\u00f9 le terme rallye n&rsquo;est pas appropri\u00e9. D\u00e9sormais c&rsquo;est la sortie des Lumi\u00e8res \u00ab\u00a0NO\u00cbL SOUS LES ETOILES\u00a0\u00bb\u00a0 sera le titre officiel de cette sortie<\/p>\n<p>A l&rsquo;origine cette sortie avait pour but de rendre hommage aux propri\u00e9taires qui illuminaient\u00a0 leurs maisons pour les f\u00eates de fin d&rsquo;ann\u00e9e et aux collectivit\u00e9s qui en faisaient de m\u00eame..<\/p>\n<p>Mais il est devenu de plus en plus difficile de trouver un circuit dans les communes de l&rsquo;ouest de l&rsquo;agglom\u00e9ration pour une quarantaine de v\u00e9hicules!<\/p>\n<p>Samedi prochain 47 v\u00e9hicules dont 41 de plus de trente ans prendront la direction de M\u00e9zi\u00e8res les Cl\u00e9ry en passant par Chaingy, St Ay, Meung sur Loire, Cl\u00e9ry, Mareau aux pr\u00e8s pour exposer nos v\u00e9hicules\u00a0 au march\u00e9 de No\u00eal organis\u00e9 par l&rsquo;horticulteur GATELIER.<\/p>\n<p>Vers 17H nous quitterons M\u00e9zi\u00e8res pour rejoindre Chaingy o\u00f9 nous ferons un arr\u00eat de 30 minutes sur l&rsquo;Esplanade Daniel CHARTIER avant de rejoindre la salle du Plessis des Hauts \u00e0 La Chapelle qui r\u00e9unira une centaine de participants pour une soir\u00e9e conviviale.<\/p>\n<p>A noter que plusieurs v\u00e9hicules seront illumin\u00e9s<\/p>\n<figure id=\"attachment_12083\" aria-describedby=\"caption-attachment-12083\" style=\"width: 300px\" class=\"wp-caption alignnone\"><img loading=\"lazy\" decoding=\"async\" class=\"size-medium wp-image-12083\" src=\"https:\/\/www.retrochap.fr\/site\/wp-content\/uploads\/2025\/11\/PHOTO-4-RALLYE-DEES-LUMIERES-300x169.jpg\" alt=\"\" width=\"300\" height=\"169\" srcset=\"https:\/\/www.retrochap.fr\/site\/wp-content\/uploads\/2025\/11\/PHOTO-4-RALLYE-DEES-LUMIERES-300x169.jpg 300w, https:\/\/www.retrochap.fr\/site\/wp-content\/uploads\/2025\/11\/PHOTO-4-RALLYE-DEES-LUMIERES-1024x576.jpg 1024w, https:\/\/www.retrochap.fr\/site\/wp-content\/uploads\/2025\/11\/PHOTO-4-RALLYE-DEES-LUMIERES-768x432.jpg 768w, https:\/\/www.retrochap.fr\/site\/wp-content\/uploads\/2025\/11\/PHOTO-4-RALLYE-DEES-LUMIERES-570x321.jpg 570w, https:\/\/www.retrochap.fr\/site\/wp-content\/uploads\/2025\/11\/PHOTO-4-RALLYE-DEES-LUMIERES-1110x624.jpg 1110w, https:\/\/www.retrochap.fr\/site\/wp-content\/uploads\/2025\/11\/PHOTO-4-RALLYE-DEES-LUMIERES-528x297.jpg 528w, https:\/\/www.retrochap.fr\/site\/wp-content\/uploads\/2025\/11\/PHOTO-4-RALLYE-DEES-LUMIERES.jpg 1200w\" sizes=\"auto, (max-width: 300px) 100vw, 300px\" \/><figcaption id=\"caption-attachment-12083\" class=\"wp-caption-text\">OLYMPUS DIGITAL CAMERA<\/figcaption><\/figure>\n","protected":false},"excerpt":{"rendered":"<p>Samedi 6 d\u00e9cembre 47 v\u00e9hicules ont rendez-vous \u00e0 14H sur l&rsquo;Esplanade de Beraire pour participer \u00e0 notre 14\u00e8me \u00e9dition de cette sortie hivernale o\u00f9 le terme rallye n&rsquo;est pas appropri\u00e9. [&hellip;]<\/p>\n","protected":false},"author":2,"featured_media":0,"comment_status":"closed","ping_status":"closed","sticky":false,"template":"","format":"standard","meta":{"footnotes":""},"categories":[3],"tags":[],"class_list":{"0":"post-12082","1":"post","2":"type-post","3":"status-publish","4":"format-standard","6":"category-news","7":"czr-hentry"},"_links":{"self":[{"href":"https:\/\/www.retrochap.fr\/site\/wp-json\/wp\/v2\/posts\/12082","targetHints":{"allow":["GET"]}}],"collection":[{"href":"https:\/\/www.retrochap.fr\/site\/wp-json\/wp\/v2\/posts"}],"about":[{"href":"https:\/\/www.retrochap.fr\/site\/wp-json\/wp\/v2\/types\/post"}],"author":[{"embeddable":true,"href":"https:\/\/www.retrochap.fr\/site\/wp-json\/wp\/v2\/users\/2"}],"replies":[{"embeddable":true,"href":"https:\/\/www.retrochap.fr\/site\/wp-json\/wp\/v2\/comments?post=12082"}],"version-history":[{"count":1,"href":"https:\/\/www.retrochap.fr\/site\/wp-json\/wp\/v2\/posts\/12082\/revisions"}],"predecessor-version":[{"id":12085,"href":"https:\/\/www.retrochap.fr\/site\/wp-json\/wp\/v2\/posts\/12082\/revisions\/12085"}],"wp:attachment":[{"href":"https:\/\/www.retrochap.fr\/site\/wp-json\/wp\/v2\/media?parent=12082"}],"wp:term":[{"taxonomy":"category","embeddable":true,"href":"https:\/\/www.retrochap.fr\/site\/wp-json\/wp\/v2\/categories?post=12082"},{"taxonomy":"post_tag","embeddable":true,"href":"https:\/\/www.retrochap.fr\/site\/wp-json\/wp\/v2\/tags?post=12082"}],"curies":[{"name":"wp","href":"https:\/\/api.w.org\/{rel}","templated":true}]}}