{"id":1354,"date":"2014-08-14T19:14:08","date_gmt":"2014-08-14T17:14:08","guid":{"rendered":"http:\/\/www.retrochap.fr\/site\/?p=1354"},"modified":"2014-08-14T19:14:08","modified_gmt":"2014-08-14T17:14:08","slug":"ou-sortir-en-cette-fin-de-semaine","status":"publish","type":"post","link":"https:\/\/www.retrochap.fr\/site\/2014\/08\/ou-sortir-en-cette-fin-de-semaine\/","title":{"rendered":"OU SORTIR EN CETTE FIN DE SEMAINE?"},"content":{"rendered":"<p>Renaissance de la F\u00eate du cidre \u00e0 SURY AUX BOIS ce vendredi 15 ao\u00fbt, une f\u00eate ch\u00e8re \u00e0 Dominique VIGINIER&#8230;rallye des Carnutes, brocante, exposition&#8230;.programme sur le site du SURY \u00a0AUTOMOBILE \u00a0CLUB<\/p>\n<p>Samedi en fin d&rsquo;apr\u00e8s-midi une soixante de v\u00e9hicules militaires d&rsquo;\u00e9poque arriveront Place du Martroi \u00e0 ORLEANS \u00e0 l&rsquo;occasion des F\u00eates organis\u00e9es pour le 70\u00e8me anniversaire de la lib\u00e9ration d&rsquo;ORLEANS&#8230;Consultez le site de la Rep pour le d\u00e9tail des c\u00e9r\u00e9monies.A noter que d\u00e8s vendredi un camp militaire ouvert au public sera reconstitu\u00e9 dans le parc de Bel Air \u00e0 INGRE<\/p>\n<p>Dimanche sortie possible \u00e0 St LYE LA FORET pour le RDV mensuel du dimanche matin organis\u00e9 par nos amis des VAMP<\/p>\n<p>QU&rsquo;ON SE LE DISE !!!!!<\/p>\n","protected":false},"excerpt":{"rendered":"<p>Renaissance de la F\u00eate du cidre \u00e0 SURY AUX BOIS ce vendredi 15 ao\u00fbt, une f\u00eate ch\u00e8re \u00e0 Dominique VIGINIER&#8230;rallye des Carnutes, brocante, exposition&#8230;.programme sur le site du SURY \u00a0AUTOMOBILE [&hellip;]<\/p>\n","protected":false},"author":2,"featured_media":0,"comment_status":"closed","ping_status":"closed","sticky":false,"template":"","format":"standard","meta":{"footnotes":""},"categories":[3],"tags":[49,52,53,43,70,25],"class_list":{"0":"post-1354","1":"post","2":"type-post","3":"status-publish","4":"format-standard","6":"category-news","7":"tag-automobile","8":"tag-club","9":"tag-expo","10":"tag-exposition","11":"tag-rallye","12":"tag-sortie","13":"czr-hentry"},"_links":{"self":[{"href":"https:\/\/www.retrochap.fr\/site\/wp-json\/wp\/v2\/posts\/1354","targetHints":{"allow":["GET"]}}],"collection":[{"href":"https:\/\/www.retrochap.fr\/site\/wp-json\/wp\/v2\/posts"}],"about":[{"href":"https:\/\/www.retrochap.fr\/site\/wp-json\/wp\/v2\/types\/post"}],"author":[{"embeddable":true,"href":"https:\/\/www.retrochap.fr\/site\/wp-json\/wp\/v2\/users\/2"}],"replies":[{"embeddable":true,"href":"https:\/\/www.retrochap.fr\/site\/wp-json\/wp\/v2\/comments?post=1354"}],"version-history":[{"count":1,"href":"https:\/\/www.retrochap.fr\/site\/wp-json\/wp\/v2\/posts\/1354\/revisions"}],"predecessor-version":[{"id":1355,"href":"https:\/\/www.retrochap.fr\/site\/wp-json\/wp\/v2\/posts\/1354\/revisions\/1355"}],"wp:attachment":[{"href":"https:\/\/www.retrochap.fr\/site\/wp-json\/wp\/v2\/media?parent=1354"}],"wp:term":[{"taxonomy":"category","embeddable":true,"href":"https:\/\/www.retrochap.fr\/site\/wp-json\/wp\/v2\/categories?post=1354"},{"taxonomy":"post_tag","embeddable":true,"href":"https:\/\/www.retrochap.fr\/site\/wp-json\/wp\/v2\/tags?post=1354"}],"curies":[{"name":"wp","href":"https:\/\/api.w.org\/{rel}","templated":true}]}}