{"id":1594,"date":"2014-10-28T10:39:32","date_gmt":"2014-10-28T09:39:32","guid":{"rendered":"http:\/\/www.retrochap.fr\/site\/?p=1594"},"modified":"2014-10-28T10:39:32","modified_gmt":"2014-10-28T09:39:32","slug":"retrochap-participera-au-telethon-2014","status":"publish","type":"post","link":"https:\/\/www.retrochap.fr\/site\/2014\/10\/retrochap-participera-au-telethon-2014\/","title":{"rendered":"RETROCHAP PARTICIPERA AU TELETHON 2014"},"content":{"rendered":"<p>Notre club, comme chaque ann\u00e9e participera \u00e0 diff\u00e9rentes manifestations organis\u00e9es au profit du TELETHON.<\/p>\n<p>Lors de notre RDV mensuel du dimanche 23 novembre sur l&rsquo;esplanade de BERAIRE \u00e0 La Chapelle St Mesmin de 10H00 \u00e0 12H30 la totalit\u00e9 des b\u00e9n\u00e9fices r\u00e9alis\u00e9es dans notre espace convivialit\u00e9 sera revers\u00e9e au TELETHON.<\/p>\n<p>Le Samedi 6 d\u00e9cembre, le Cartel Laillois organise une exposition de voitures anciennes, motocyclettes, camionnettes \u00a0 sur le parking de la Lisotte \u00e0 LAILLY en VAL pr\u00e8s de Beaugency.Les v\u00e9hicules sont attendus d\u00e8s 9H00 pour un petit-d\u00e9jeuner g\u00e9ant. Il sera possible de d\u00e9jeuner sur place le midi (repas chaud \u00e0 5 \u20ac sur r\u00e9servation) Une cr\u00eape et une boisson seront offertes \u00e0 chaque participant. Tous les propri\u00e9taires d&rsquo;anciennes sont invit\u00e9s \u00e0 r\u00e9pondre \u00e0 l&rsquo;appel lanc\u00e9 par ce groupement d&rsquo;associations de Lailly en Val.<\/p>\n<p>R\u00e9servations et contacts pour de plus amples renseignements: Jo\u00ebl PIEDALLU au 02 38 46 71 54 . adresse mel: joel.piedallu@orange.fr<\/p>\n<p>RETROCHAP appelle ses adh\u00e9rents \u00e0 se mobiliser pour \u00eatre pr\u00e9sent le 23 novembre et le 6 d\u00e9cembre<\/p>\n","protected":false},"excerpt":{"rendered":"<p>Notre club, comme chaque ann\u00e9e participera \u00e0 diff\u00e9rentes manifestations organis\u00e9es au profit du TELETHON. Lors de notre RDV mensuel du dimanche 23 novembre sur l&rsquo;esplanade de BERAIRE \u00e0 La Chapelle [&hellip;]<\/p>\n","protected":false},"author":2,"featured_media":0,"comment_status":"closed","ping_status":"closed","sticky":false,"template":"","format":"standard","meta":{"footnotes":""},"categories":[3],"tags":[64,52,53,43,48,69],"class_list":{"0":"post-1594","1":"post","2":"type-post","3":"status-publish","4":"format-standard","6":"category-news","7":"tag-association","8":"tag-club","9":"tag-expo","10":"tag-exposition","11":"tag-motocyclettes","12":"tag-retrochap","13":"czr-hentry"},"_links":{"self":[{"href":"https:\/\/www.retrochap.fr\/site\/wp-json\/wp\/v2\/posts\/1594","targetHints":{"allow":["GET"]}}],"collection":[{"href":"https:\/\/www.retrochap.fr\/site\/wp-json\/wp\/v2\/posts"}],"about":[{"href":"https:\/\/www.retrochap.fr\/site\/wp-json\/wp\/v2\/types\/post"}],"author":[{"embeddable":true,"href":"https:\/\/www.retrochap.fr\/site\/wp-json\/wp\/v2\/users\/2"}],"replies":[{"embeddable":true,"href":"https:\/\/www.retrochap.fr\/site\/wp-json\/wp\/v2\/comments?post=1594"}],"version-history":[{"count":1,"href":"https:\/\/www.retrochap.fr\/site\/wp-json\/wp\/v2\/posts\/1594\/revisions"}],"predecessor-version":[{"id":1595,"href":"https:\/\/www.retrochap.fr\/site\/wp-json\/wp\/v2\/posts\/1594\/revisions\/1595"}],"wp:attachment":[{"href":"https:\/\/www.retrochap.fr\/site\/wp-json\/wp\/v2\/media?parent=1594"}],"wp:term":[{"taxonomy":"category","embeddable":true,"href":"https:\/\/www.retrochap.fr\/site\/wp-json\/wp\/v2\/categories?post=1594"},{"taxonomy":"post_tag","embeddable":true,"href":"https:\/\/www.retrochap.fr\/site\/wp-json\/wp\/v2\/tags?post=1594"}],"curies":[{"name":"wp","href":"https:\/\/api.w.org\/{rel}","templated":true}]}}