{"id":1602,"date":"2014-11-15T09:27:20","date_gmt":"2014-11-15T08:27:20","guid":{"rendered":"http:\/\/www.retrochap.fr\/site\/?p=1602"},"modified":"2014-11-17T18:03:35","modified_gmt":"2014-11-17T17:03:35","slug":"rdv-23-novembre-et-4eme-rallye-des-lumieres","status":"publish","type":"post","link":"https:\/\/www.retrochap.fr\/site\/2014\/11\/rdv-23-novembre-et-4eme-rallye-des-lumieres\/","title":{"rendered":"RDV 23 NOVEMBRE et 4\u00e8me RALLYE DES LUMIERES"},"content":{"rendered":"<p>Notre RDV mensuel du dimanche 23 novembre &#8211; 10H00 \u00e0 12H30 sur l&rsquo;Esplanade de BERAIRE \u00e0 La Chapelle Saint Mesmin mettra \u00e0 l&rsquo;honneur les deux marques allemandes: OPEL et MERCEDES.<\/p>\n<p>D&rsquo;autre part lors de ce RDV tous les b\u00e9n\u00e9fices du point convivialit\u00e9 seront revers\u00e9s au TELETHON 2014&#8230;Alors nous vous attendons nombreux. Nous serions heureux de pouvoir accueillir un propri\u00e9taire d&rsquo;une TRABANT , voiture mythique de l&rsquo;ex RDA \u00a0\u00e0 l&rsquo;occasion du 25\u00e8me anniversaire de la chute du Mur de Berlin<\/p>\n<p>Le 4\u00e8me rallye des Lumi\u00e8res se d\u00e9roulera le samedi 20 D\u00e9cembre prochain.<\/p>\n<p>Le bulletin d&rsquo;engagement se trouve ici\u00a0 <a title=\"Rallye des Lumi\u00e8res 2014\" href=\"http:\/\/www.retrochap.fr\/site\/wp-content\/uploads\/2014\/11\/Rallye-des-Lumieres-ENGAGEMENT-20-DECEMBRE.pdf\" target=\"_blank\"><img loading=\"lazy\" decoding=\"async\" title=\"Inscription Retrochap\" src=\"http:\/\/www.hockeymagdunois.fr\/wp-content\/uploads\/2008\/10\/logoacrobat.png\" alt=\"\" width=\"32\" height=\"32\" \/><\/a>\u00a0 ou dans la section \u00ab\u00a0En t\u00e9l\u00e9chargement\u00a0\u00bb. Vous pouvez aussi le r\u00e9clamer au 06 03 15 83 25<\/p>\n","protected":false},"excerpt":{"rendered":"<p>Notre RDV mensuel du dimanche 23 novembre &#8211; 10H00 \u00e0 12H30 sur l&rsquo;Esplanade de BERAIRE \u00e0 La Chapelle Saint Mesmin mettra \u00e0 l&rsquo;honneur les deux marques allemandes: OPEL et MERCEDES. [&hellip;]<\/p>\n","protected":false},"author":2,"featured_media":0,"comment_status":"closed","ping_status":"closed","sticky":false,"template":"","format":"standard","meta":{"footnotes":""},"categories":[3],"tags":[5,70],"class_list":{"0":"post-1602","1":"post","2":"type-post","3":"status-publish","4":"format-standard","6":"category-news","7":"tag-la-chapelle-saint-mesmin","8":"tag-rallye","9":"czr-hentry"},"_links":{"self":[{"href":"https:\/\/www.retrochap.fr\/site\/wp-json\/wp\/v2\/posts\/1602","targetHints":{"allow":["GET"]}}],"collection":[{"href":"https:\/\/www.retrochap.fr\/site\/wp-json\/wp\/v2\/posts"}],"about":[{"href":"https:\/\/www.retrochap.fr\/site\/wp-json\/wp\/v2\/types\/post"}],"author":[{"embeddable":true,"href":"https:\/\/www.retrochap.fr\/site\/wp-json\/wp\/v2\/users\/2"}],"replies":[{"embeddable":true,"href":"https:\/\/www.retrochap.fr\/site\/wp-json\/wp\/v2\/comments?post=1602"}],"version-history":[{"count":3,"href":"https:\/\/www.retrochap.fr\/site\/wp-json\/wp\/v2\/posts\/1602\/revisions"}],"predecessor-version":[{"id":1609,"href":"https:\/\/www.retrochap.fr\/site\/wp-json\/wp\/v2\/posts\/1602\/revisions\/1609"}],"wp:attachment":[{"href":"https:\/\/www.retrochap.fr\/site\/wp-json\/wp\/v2\/media?parent=1602"}],"wp:term":[{"taxonomy":"category","embeddable":true,"href":"https:\/\/www.retrochap.fr\/site\/wp-json\/wp\/v2\/categories?post=1602"},{"taxonomy":"post_tag","embeddable":true,"href":"https:\/\/www.retrochap.fr\/site\/wp-json\/wp\/v2\/tags?post=1602"}],"curies":[{"name":"wp","href":"https:\/\/api.w.org\/{rel}","templated":true}]}}