{"id":1627,"date":"2014-12-16T13:01:26","date_gmt":"2014-12-16T12:01:26","guid":{"rendered":"http:\/\/www.retrochap.fr\/site\/?p=1627"},"modified":"2014-12-16T13:01:26","modified_gmt":"2014-12-16T12:01:26","slug":"74-voitures-engagees-pour-le-rallye-des-lumieres","status":"publish","type":"post","link":"https:\/\/www.retrochap.fr\/site\/2014\/12\/74-voitures-engagees-pour-le-rallye-des-lumieres\/","title":{"rendered":"74 VOITURES ENGAGEES POUR LE RALLYE DES LUMIERES"},"content":{"rendered":"<p>Gros succ\u00e8s encore pour la 4\u00e8me \u00e9dition du rallye de Lumi\u00e8res car pas moins de 74 v\u00e9hicules se sont inscrits, ce qui repr\u00e9sente une \u00ab\u00a0flotte\u00a0\u00bb de 192 personnes dont 23 enfants et &#8230;le P\u00e8re No\u00ebl , sortie programm\u00e9e ce samedi 20 d\u00e9cembre et o\u00f9 la m\u00e9t\u00e9o s&rsquo;annonce cl\u00e9mente!!<\/p>\n<p>Il ne s&rsquo;agit pas d&rsquo;une comp\u00e9tition sportive mais d&rsquo;une balade pour aller d\u00e9couvrir par groupes de 20 voitures environ les maisons de particuli\u00e8rs et les illuminations des \u00e9difices publics des communes qui seront travers\u00e9es: La Chapelle Sat Mesmin, Ingr\u00e9 , Ormes, Chaingy, St Ay&#8230;une escapade est m\u00eame pr\u00e9vue vers Orl\u00e9ans<\/p>\n<p>Des informations seront mises en ligne sur ce site jeudi matin sur les quatre circuits qui seront propos\u00e9s \u00e0 chaque groupe de voitures.<\/p>\n<p>Un groupe est attendu d\u00e8s 16H00 place de la Mairie \u00e0 St Ay pour une exposition statique avant d&rsquo;entamer le circuit vin chaud et ch\u00e2taignes offerts par la commune \u00a0au programme.<\/p>\n<p>Les autres sont attendus pour 17H00 place de l&rsquo;H\u00f4tel de Ville \u00e0 La Chapelle Saint Mesmin.<\/p>\n<p>Un regroupement g\u00e9n\u00e9ral est pr\u00e9vu place du Bourg \u00e0 Chaingy o\u00f9 nous serons re\u00e7u par la Municipalit\u00e9 avant de rentrer pour 20H00 \u00e0 la Chapelle, place de l&rsquo;H\u00f4tel de Ville pour partager un moment de convivialit\u00e9 autour d&rsquo;une tartiflette dans la salle du Plessis des Hauts.<\/p>\n<p>Parmi les engag\u00e9s la plus ancienne sera une Peugeot 203 de 1954, la plus r\u00e9cente une C Zen tout \u00e9lectrique de 2014&#8230;!!!! et aussi une BENTLEY ayant appartenue \u00e0 la famille Kennedy et qui f\u00fbt aussi la propri\u00e9t\u00e9 d&rsquo;Ava Gardner !!<\/p>\n<p>&nbsp;<\/p>\n","protected":false},"excerpt":{"rendered":"<p>Gros succ\u00e8s encore pour la 4\u00e8me \u00e9dition du rallye de Lumi\u00e8res car pas moins de 74 v\u00e9hicules se sont inscrits, ce qui repr\u00e9sente une \u00ab\u00a0flotte\u00a0\u00bb de 192 personnes dont 23 [&hellip;]<\/p>\n","protected":false},"author":2,"featured_media":0,"comment_status":"closed","ping_status":"closed","sticky":false,"template":"","format":"standard","meta":{"footnotes":""},"categories":[3],"tags":[19,53,43,5,70,25],"class_list":{"0":"post-1627","1":"post","2":"type-post","3":"status-publish","4":"format-standard","6":"category-news","7":"tag-circuit","8":"tag-expo","9":"tag-exposition","10":"tag-la-chapelle-saint-mesmin","11":"tag-rallye","12":"tag-sortie","13":"czr-hentry"},"_links":{"self":[{"href":"https:\/\/www.retrochap.fr\/site\/wp-json\/wp\/v2\/posts\/1627","targetHints":{"allow":["GET"]}}],"collection":[{"href":"https:\/\/www.retrochap.fr\/site\/wp-json\/wp\/v2\/posts"}],"about":[{"href":"https:\/\/www.retrochap.fr\/site\/wp-json\/wp\/v2\/types\/post"}],"author":[{"embeddable":true,"href":"https:\/\/www.retrochap.fr\/site\/wp-json\/wp\/v2\/users\/2"}],"replies":[{"embeddable":true,"href":"https:\/\/www.retrochap.fr\/site\/wp-json\/wp\/v2\/comments?post=1627"}],"version-history":[{"count":1,"href":"https:\/\/www.retrochap.fr\/site\/wp-json\/wp\/v2\/posts\/1627\/revisions"}],"predecessor-version":[{"id":1628,"href":"https:\/\/www.retrochap.fr\/site\/wp-json\/wp\/v2\/posts\/1627\/revisions\/1628"}],"wp:attachment":[{"href":"https:\/\/www.retrochap.fr\/site\/wp-json\/wp\/v2\/media?parent=1627"}],"wp:term":[{"taxonomy":"category","embeddable":true,"href":"https:\/\/www.retrochap.fr\/site\/wp-json\/wp\/v2\/categories?post=1627"},{"taxonomy":"post_tag","embeddable":true,"href":"https:\/\/www.retrochap.fr\/site\/wp-json\/wp\/v2\/tags?post=1627"}],"curies":[{"name":"wp","href":"https:\/\/api.w.org\/{rel}","templated":true}]}}