{"id":1639,"date":"2014-12-26T13:30:30","date_gmt":"2014-12-26T12:30:30","guid":{"rendered":"http:\/\/www.retrochap.fr\/site\/?p=1639"},"modified":"2017-12-05T17:35:59","modified_gmt":"2017-12-05T16:35:59","slug":"gros-succes-du-rallye-des-lumieres-et-dernier-rdv-2014-a-beraire-ce-dimanche","status":"publish","type":"post","link":"https:\/\/www.retrochap.fr\/site\/2014\/12\/gros-succes-du-rallye-des-lumieres-et-dernier-rdv-2014-a-beraire-ce-dimanche\/","title":{"rendered":"GROS SUCC\u00c8S DU RALLYE DES LUMI\u00c8RES et DERNIER RDV 2014 A BERAIRE CE DIMANCHE"},"content":{"rendered":"<p>La 4\u00e8me \u00e9dition du rallye des Lumi\u00e8res a fait l&rsquo;unanimit\u00e9: ambiance conviviale, plusieurs voitures \u00e9cor\u00e9es, de tr\u00e8s belles maisons illumin\u00e9es (chez Pierre \u00e0 St Ay et \u00e0 St Denis en Val notamment), un accueil, chaleureux \u00e0 St Ay et \u00e0 Chaingy&#8230;une soir\u00e9e tartiflette (merci Patrice) appr\u00e9ci\u00e9e ainsi que le mini concert de Michel en fin de soir\u00e9e..<\/p>\n<p>Des photos seront mises prochainement sur le site. Merci \u00e0 tous les participants !!!<\/p>\n<p>A noter ce dimanche notre dernier RDV 2014 avec au point convivialit\u00e9 une d\u00e9gustation d&rsquo;hu\u00eetres et la pr\u00e9sence d&rsquo;un collectionneur de miniatures de Chaingy qui proposera une exposition vente de miniatures !!!<\/p>\n<p>RETROCHAP vous remercie d&rsquo;avance pour votre pr\u00e9sence ce dimanche&#8230;m\u00eame si la m\u00e9t\u00e9o pr\u00e9voit des conditions hivernales !!!<\/p>\n","protected":false},"excerpt":{"rendered":"<p>La 4\u00e8me \u00e9dition du rallye des Lumi\u00e8res a fait l&rsquo;unanimit\u00e9: ambiance conviviale, plusieurs voitures \u00e9cor\u00e9es, de tr\u00e8s belles maisons illumin\u00e9es (chez Pierre \u00e0 St Ay et \u00e0 St Denis en [&hellip;]<\/p>\n","protected":false},"author":2,"featured_media":0,"comment_status":"closed","ping_status":"closed","sticky":false,"template":"","format":"standard","meta":{"footnotes":""},"categories":[3,15],"tags":[53,43,70,69],"class_list":{"0":"post-1639","1":"post","2":"type-post","3":"status-publish","4":"format-standard","6":"category-news","7":"category-rallye","8":"tag-expo","9":"tag-exposition","10":"tag-rallye","11":"tag-retrochap","12":"czr-hentry"},"_links":{"self":[{"href":"https:\/\/www.retrochap.fr\/site\/wp-json\/wp\/v2\/posts\/1639","targetHints":{"allow":["GET"]}}],"collection":[{"href":"https:\/\/www.retrochap.fr\/site\/wp-json\/wp\/v2\/posts"}],"about":[{"href":"https:\/\/www.retrochap.fr\/site\/wp-json\/wp\/v2\/types\/post"}],"author":[{"embeddable":true,"href":"https:\/\/www.retrochap.fr\/site\/wp-json\/wp\/v2\/users\/2"}],"replies":[{"embeddable":true,"href":"https:\/\/www.retrochap.fr\/site\/wp-json\/wp\/v2\/comments?post=1639"}],"version-history":[{"count":1,"href":"https:\/\/www.retrochap.fr\/site\/wp-json\/wp\/v2\/posts\/1639\/revisions"}],"predecessor-version":[{"id":1640,"href":"https:\/\/www.retrochap.fr\/site\/wp-json\/wp\/v2\/posts\/1639\/revisions\/1640"}],"wp:attachment":[{"href":"https:\/\/www.retrochap.fr\/site\/wp-json\/wp\/v2\/media?parent=1639"}],"wp:term":[{"taxonomy":"category","embeddable":true,"href":"https:\/\/www.retrochap.fr\/site\/wp-json\/wp\/v2\/categories?post=1639"},{"taxonomy":"post_tag","embeddable":true,"href":"https:\/\/www.retrochap.fr\/site\/wp-json\/wp\/v2\/tags?post=1639"}],"curies":[{"name":"wp","href":"https:\/\/api.w.org\/{rel}","templated":true}]}}