{"id":2379,"date":"2017-01-18T18:08:45","date_gmt":"2017-01-18T17:08:45","guid":{"rendered":"http:\/\/www.retrochap.fr\/site\/?p=2379"},"modified":"2017-01-18T18:08:45","modified_gmt":"2017-01-18T17:08:45","slug":"retour-sur-notre-assemblee-generale","status":"publish","type":"post","link":"https:\/\/www.retrochap.fr\/site\/2017\/01\/retour-sur-notre-assemblee-generale\/","title":{"rendered":"RETOUR SUR NOTRE ASSEMBL\u00c9E GENERALE"},"content":{"rendered":"<p>61 personnes ont assist\u00e9 \u00e0 notre assembl\u00e9e g\u00e9n\u00e9rale ordinaire.Celle-ci s&rsquo;est d\u00e9roul\u00e9e dans une excellente ambiance. Tous les rapports (moral\/ activit\u00e9s 2016 \/ bilan finacier ) ont \u00e9t\u00e9 adopt\u00e9s \u00e0 l&rsquo;unanimit\u00e9 et sous les applaudissements. Le r\u00e8glement int\u00e9rieur a \u00e9t\u00e9 adopt\u00e9, le calendrier pr\u00e9visionnel des activit\u00e9s sera officialis\u00e9 et diffus\u00e9 d\u00e9but f\u00e9vrier apr\u00e8s notre premier Comit\u00e9 Directeur \u00a0qui se r\u00e9unira dans les prochains jours. Le PV de l&rsquo;AG sera envoy\u00e9 cette semaine \u00e0 tous les adh\u00e9rents. Les diff\u00e9rents documents de notre AG seront \u00e0 la disposition des adh\u00e9rents qui n&rsquo;ont pu se d\u00e9placer lundi d\u00e8s ce dimanche 22 janvier \u00e0 l&rsquo;occasion de notre premier RDV mensuel d\u00e8s 10H00 sur l&rsquo;esplanade de BERAIRE.<\/p>\n<p>Nous avons en ce d\u00e9but d&rsquo;ann\u00e9e enregistr\u00e9 13 nouvelles adh\u00e9sions !!!Au cours de l&rsquo;AG nous avons mis \u00e0 l&rsquo;honneur, Sylvie et Gilles notamment, tous les adh\u00e9rents qui ont particip\u00e9 au 22\u00e8me Raid des Neiges.<\/p>\n<p>Comme il est de tradition la soir\u00e9e s&rsquo;est termin\u00e9 autour d&rsquo;un copieux buffet&#8230;.2017 sera sans aucun doute une ann\u00e9e riche en \u00e9v\u00e8nements et en projets pour notre club.<\/p>\n","protected":false},"excerpt":{"rendered":"<p>61 personnes ont assist\u00e9 \u00e0 notre assembl\u00e9e g\u00e9n\u00e9rale ordinaire.Celle-ci s&rsquo;est d\u00e9roul\u00e9e dans une excellente ambiance. Tous les rapports (moral\/ activit\u00e9s 2016 \/ bilan finacier ) ont \u00e9t\u00e9 adopt\u00e9s \u00e0 l&rsquo;unanimit\u00e9 [&hellip;]<\/p>\n","protected":false},"author":2,"featured_media":0,"comment_status":"closed","ping_status":"closed","sticky":false,"template":"","format":"standard","meta":{"footnotes":""},"categories":[3],"tags":[42,52],"class_list":{"0":"post-2379","1":"post","2":"type-post","3":"status-publish","4":"format-standard","6":"category-news","7":"tag-assemblee-generale","8":"tag-club","9":"czr-hentry"},"_links":{"self":[{"href":"https:\/\/www.retrochap.fr\/site\/wp-json\/wp\/v2\/posts\/2379","targetHints":{"allow":["GET"]}}],"collection":[{"href":"https:\/\/www.retrochap.fr\/site\/wp-json\/wp\/v2\/posts"}],"about":[{"href":"https:\/\/www.retrochap.fr\/site\/wp-json\/wp\/v2\/types\/post"}],"author":[{"embeddable":true,"href":"https:\/\/www.retrochap.fr\/site\/wp-json\/wp\/v2\/users\/2"}],"replies":[{"embeddable":true,"href":"https:\/\/www.retrochap.fr\/site\/wp-json\/wp\/v2\/comments?post=2379"}],"version-history":[{"count":1,"href":"https:\/\/www.retrochap.fr\/site\/wp-json\/wp\/v2\/posts\/2379\/revisions"}],"predecessor-version":[{"id":2381,"href":"https:\/\/www.retrochap.fr\/site\/wp-json\/wp\/v2\/posts\/2379\/revisions\/2381"}],"wp:attachment":[{"href":"https:\/\/www.retrochap.fr\/site\/wp-json\/wp\/v2\/media?parent=2379"}],"wp:term":[{"taxonomy":"category","embeddable":true,"href":"https:\/\/www.retrochap.fr\/site\/wp-json\/wp\/v2\/categories?post=2379"},{"taxonomy":"post_tag","embeddable":true,"href":"https:\/\/www.retrochap.fr\/site\/wp-json\/wp\/v2\/tags?post=2379"}],"curies":[{"name":"wp","href":"https:\/\/api.w.org\/{rel}","templated":true}]}}