{"id":2384,"date":"2017-01-18T18:24:42","date_gmt":"2017-01-18T17:24:42","guid":{"rendered":"http:\/\/www.retrochap.fr\/site\/?p=2384"},"modified":"2017-12-05T14:05:04","modified_gmt":"2017-12-05T13:05:04","slug":"notre-4cv-retrouve-ses-couleurs","status":"publish","type":"post","link":"https:\/\/www.retrochap.fr\/site\/2017\/01\/notre-4cv-retrouve-ses-couleurs\/","title":{"rendered":"NOTRE 4CV RETROUVE SES COULEURS"},"content":{"rendered":"<p>Apr\u00e8s plusieurs ann\u00e9es de sommeil, un d\u00e9montage complet, plusieurs p\u00e9rip\u00e9ties on entrevoit le tout d\u00e9but du commencement &#8230;.La carrosserie enti\u00e8rement d\u00e9mont\u00e9e a \u00e9t\u00e9 confi\u00e9e fin novembre au garage de la Butte \u00e0 La Chapelle Saint Mesmin pour une remise en \u00e9tat de la carrosserie et une remise en peinture&#8230;eh bien chapeau \u00e0 Pascal GRISON et son \u00e9quipe notre 4CV a retrouv\u00e9 sa couleur d&rsquo;origine \u00ab\u00a0Gris \u00ab\u00a0Pompadou\u00a0\u00bb&#8230;la caisse est magnifique, un vrai travail d&rsquo;artiste a \u00e9t\u00e9 r\u00e9alis\u00e9 par de s\u00e9rieux professionnels&#8230;Dans les prochains jours la 4CV va reprendre le chemin de BACCON puis il faudra s&rsquo;organiser pour reconstruire cette voiture, une 4CV de mai 1961 sans dote une des derni\u00e8res fabriqu\u00e9e puisque la production a \u00e9t\u00e9 arr\u00eat\u00e9e en juin 1961..<\/p>\n<p>Ce superbe travail doit nous motiver pour le reste de nos projets&#8230;ci-dessous les premi\u00e8res photos<\/p>\n<p><a href=\"http:\/\/www.retrochap.fr\/site\/2017\/01\/notre-4cv-retrouve-ses-couleurs\/p1060956\/\" rel=\"attachment wp-att-2387\"><img loading=\"lazy\" decoding=\"async\" class=\"alignnone size-medium wp-image-2387\" src=\"http:\/\/www.retrochap.fr\/site\/wp-content\/uploads\/2017\/01\/P1060956-300x225.jpg\" alt=\"P1060956\" width=\"300\" height=\"225\" srcset=\"https:\/\/www.retrochap.fr\/site\/wp-content\/uploads\/2017\/01\/P1060956-300x225.jpg 300w, https:\/\/www.retrochap.fr\/site\/wp-content\/uploads\/2017\/01\/P1060956-768x576.jpg 768w, https:\/\/www.retrochap.fr\/site\/wp-content\/uploads\/2017\/01\/P1060956-1024x768.jpg 1024w, https:\/\/www.retrochap.fr\/site\/wp-content\/uploads\/2017\/01\/P1060956.jpg 2048w\" sizes=\"auto, (max-width: 300px) 100vw, 300px\" \/><\/a><a href=\"http:\/\/www.retrochap.fr\/site\/2017\/01\/notre-4cv-retrouve-ses-couleurs\/p1060955-2\/\" rel=\"attachment wp-att-2388\"><img loading=\"lazy\" decoding=\"async\" class=\"alignnone size-medium wp-image-2388\" src=\"http:\/\/www.retrochap.fr\/site\/wp-content\/uploads\/2017\/01\/P1060955-1-300x225.jpg\" alt=\"P1060955\" width=\"300\" height=\"225\" srcset=\"https:\/\/www.retrochap.fr\/site\/wp-content\/uploads\/2017\/01\/P1060955-1-300x225.jpg 300w, https:\/\/www.retrochap.fr\/site\/wp-content\/uploads\/2017\/01\/P1060955-1-768x576.jpg 768w, https:\/\/www.retrochap.fr\/site\/wp-content\/uploads\/2017\/01\/P1060955-1-1024x768.jpg 1024w, https:\/\/www.retrochap.fr\/site\/wp-content\/uploads\/2017\/01\/P1060955-1.jpg 2048w\" sizes=\"auto, (max-width: 300px) 100vw, 300px\" \/><\/a><\/p>\n","protected":false},"excerpt":{"rendered":"<p>Apr\u00e8s plusieurs ann\u00e9es de sommeil, un d\u00e9montage complet, plusieurs p\u00e9rip\u00e9ties on entrevoit le tout d\u00e9but du commencement &#8230;.La carrosserie enti\u00e8rement d\u00e9mont\u00e9e a \u00e9t\u00e9 confi\u00e9e fin novembre au garage de la [&hellip;]<\/p>\n","protected":false},"author":2,"featured_media":0,"comment_status":"closed","ping_status":"closed","sticky":false,"template":"","format":"standard","meta":{"footnotes":""},"categories":[3,103],"tags":[5],"class_list":{"0":"post-2384","1":"post","2":"type-post","3":"status-publish","4":"format-standard","6":"category-news","7":"category-restauration-4cv","8":"tag-la-chapelle-saint-mesmin","9":"czr-hentry"},"_links":{"self":[{"href":"https:\/\/www.retrochap.fr\/site\/wp-json\/wp\/v2\/posts\/2384","targetHints":{"allow":["GET"]}}],"collection":[{"href":"https:\/\/www.retrochap.fr\/site\/wp-json\/wp\/v2\/posts"}],"about":[{"href":"https:\/\/www.retrochap.fr\/site\/wp-json\/wp\/v2\/types\/post"}],"author":[{"embeddable":true,"href":"https:\/\/www.retrochap.fr\/site\/wp-json\/wp\/v2\/users\/2"}],"replies":[{"embeddable":true,"href":"https:\/\/www.retrochap.fr\/site\/wp-json\/wp\/v2\/comments?post=2384"}],"version-history":[{"count":2,"href":"https:\/\/www.retrochap.fr\/site\/wp-json\/wp\/v2\/posts\/2384\/revisions"}],"predecessor-version":[{"id":2390,"href":"https:\/\/www.retrochap.fr\/site\/wp-json\/wp\/v2\/posts\/2384\/revisions\/2390"}],"wp:attachment":[{"href":"https:\/\/www.retrochap.fr\/site\/wp-json\/wp\/v2\/media?parent=2384"}],"wp:term":[{"taxonomy":"category","embeddable":true,"href":"https:\/\/www.retrochap.fr\/site\/wp-json\/wp\/v2\/categories?post=2384"},{"taxonomy":"post_tag","embeddable":true,"href":"https:\/\/www.retrochap.fr\/site\/wp-json\/wp\/v2\/tags?post=2384"}],"curies":[{"name":"wp","href":"https:\/\/api.w.org\/{rel}","templated":true}]}}