{"id":2997,"date":"2017-12-08T09:19:36","date_gmt":"2017-12-08T08:19:36","guid":{"rendered":"http:\/\/www.retrochap.fr\/site\/?p=2997"},"modified":"2017-12-08T09:43:18","modified_gmt":"2017-12-08T08:43:18","slug":"compte-rendu-reunion-comite-directeur-lundi-4-decembre-2017","status":"publish","type":"post","link":"https:\/\/www.retrochap.fr\/site\/2017\/12\/compte-rendu-reunion-comite-directeur-lundi-4-decembre-2017\/","title":{"rendered":"COMPTE RENDU REUNION COMITE DIRECTEUR DU LUNDI\u00a04 DECEMBRE 2017"},"content":{"rendered":"<p>Le Comit\u00e9 Directeur s&rsquo;est r\u00e9uni \u00e0 partir de 19H30 \u00e0&nbsp; la Maison de Beauvois \u00e0 La Chapelle.<\/p>\n<p>Pr\u00e9sents: sur les onze membres qui composent notre CD, sept sont pr\u00e9sents suite \u00e0 la d\u00e9mission pour des raisons strictement personnelles de David CHAMPION, et trois sont excus\u00e9s (Jean <strong>HUE<\/strong>, Fran\u00e7ois <strong>COIRARD<\/strong>, Laurent <strong>POPOT<\/strong>)<br \/>\nNos r\u00e9unions statutaires \u00e9tant ouvertes \u00e0 tous les adh\u00e9rents, ainsi ce jour quatorze adh\u00e9rents sont pr\u00e9sents. Cela prouve encore une fois&nbsp; notre esprit d\u2019ouverture, de transparence et de convivialit\u00e9.<br \/>\nLe PV de notre r\u00e9union du CD du 4 septembre n&rsquo;ayant pas fait l&rsquo;objet de remarques il est adopt\u00e9.<br \/>\nL&rsquo;ensemble des pr\u00e9sents souhaite un prompt r\u00e9tablissement et un rapide retour parmi nous de celles et ceux qui connaissent&nbsp; quelques soucis de sant\u00e9 en cette p\u00e9riode.<\/p>\n<p>l&rsquo;ordre du jour est abord\u00e9:<\/p>\n<p><strong>RDV mensuels: <\/strong>il est ind\u00e9niable que nos RDV sont un succ\u00e8s. Ayant ouvert ceux ci aux voitures sportives et voitures d&rsquo;exception nous avons quelques soucis de cohabitation notamment&nbsp; lorsqu&rsquo;il y a affluence. A l&rsquo;\u00e9quipe d&rsquo;accueil de g\u00e9rer au mieux&nbsp; l&rsquo;accueil car il n&rsquo;est pas possible de revenir en arri\u00e8re et limiter aux seuls v\u00e9hicules d&rsquo;avant 1970 comme sur d&rsquo;autres RDV.<\/p>\n<p>Concernant le point convivialit\u00e9 un effort sera fait pour avoir du caf\u00e9 suppl\u00e9mentaire. D&rsquo;autre part nous&nbsp; allons mettre une petite affiche afin de rappeler que l&rsquo;abus d&rsquo;alcool est dangereux. notamment lorsqu&rsquo;on reprend le volant. Nous avons le devoir de rappeler cela car en cas d&rsquo;accident \u00e0 l&rsquo;issue d&rsquo;un de nos RDV notre responsabilit\u00e9 sera engag\u00e9e.<\/p>\n<p>Suite \u00e0 la recette brute du RDV du 26 novembre une somme de CENT EUROS sera revers\u00e9e au TELETHON 2017<\/p>\n<p>&nbsp;<\/p>\n<p><strong>Site RETROCHAP:<\/strong> Erwan <strong>AGOGUE<\/strong> qui a&nbsp; \u00ab\u00a0relook\u00e9\u00a0\u00bb le site donne quelques explications sur l&rsquo;organisation du site qui doit \u00eatre inter actif et que tous les adh\u00e9rents doivent s&rsquo;approprier. Il invite&nbsp; tous les adh\u00e9rents \u00e0 s&rsquo;abonner pour recevoir toutes les publications. A ce jour nous avons 63 abonn\u00e9s.<\/p>\n<p>La page FACEBOOK est anim\u00e9e par Jean <strong>HUE<\/strong>. le CD souhaite que cette page publie en priorit\u00e9 des annonces courtes et des photos.<\/p>\n<p>L&rsquo;ensemble des pr\u00e9sents remercie Erwan pour ce travail et Jean pour l&rsquo;animation de la page Facebook<\/p>\n<p>&nbsp;<\/p>\n<p><strong>7\u00e8me rallye des Lumi\u00e8res du samedi 16 d\u00e9cembre:<\/strong> \u00e0 ce jour 34 voitures engag\u00e9es et&nbsp; 105 participants pour la soir\u00e9e conviviale. Ce sont des chiffres un peu d\u00e9cevant car pour la premi\u00e8re fois nous disposerons de la grande salle de BERAIRE pour la soir\u00e9e conviviale, et que nous proposerons une animation avec le groupe SWIVEL DANSE<\/p>\n<p>Nous avons du augmenter le tarif l\u00e9g\u00e8rement&nbsp; d&rsquo;engagement en fonction du budget pr\u00e9visionnel d&rsquo;organisation de ce rallye.<\/p>\n<p>Le rassemblement se fera d\u00e8s 16H30 \u00e0 CHAINGY, il ne sera pr\u00e9vu qu&rsquo;un seul itin\u00e9raire qui restera sur le secteur Ouest de l&rsquo;agglom\u00e9ration: Chaingy, St Ay, Meung, Dry, Cl\u00e9ry, La Chapelle Saint Mesmin, Saint Jean de la Ruelle. Le d\u00e9part de CHAINGY est pr\u00e9vu \u00e0 17H30 et tout le monde devra \u00eatre de retour pour 20H \u00e0 BERAIRE.<\/p>\n<p>Six prix seront d\u00e9livr\u00e9s aux v\u00e9hicules les mieux illumin\u00e9s et un prix symbolique sera remis \u00e0 tous ceux qui auront fait l&rsquo;effort de d\u00e9corer leur v\u00e9hicule.<\/p>\n<p>RDV est donn\u00e9 \u00e0 9H00 samedi 16 d\u00e9cembre \u00e0 BERAIRE pour l&rsquo;installation de la salle. L&rsquo;assiette compl\u00e8te et le dessert seront fournis comme lors des deux derni\u00e8res \u00e9ditions par le traiteur ROUSSEAU.<\/p>\n<p>Un dernier appel sera lanc\u00e9 en fin de semaine pour essayer d&rsquo;avoir 50 voitures et 150 participants. La soir\u00e9e conviviale est ouverte au adh\u00e9rents qui ne peuvent participer au rallye.<\/p>\n<p>&nbsp;<\/p>\n<p><strong>La restauration de notre 4CV:<\/strong>&nbsp; les travaux avancent , merci \u00e0 Gilles, Dominique, Georges, Michel, Serge, Thierry, Denis qui ont d\u00e9but\u00e9 la reconstruction de notre voiture apr\u00e8s que nos deux Jean Pierre aient remis en \u00e9tat le moteur&#8230;Outre le montant de la facture restauration carrosserie et peinture (3 000 \u20ac) nous avons d\u00e9pens\u00e9 en 2017&nbsp; une somme de 1760,71 \u20ac sur notre compte bancaire pour le d\u00e9but de la restauration. A cela il faut rajouter 250 \u20ac d&rsquo;achat de diverses pi\u00e8ces chez Michel MARINAULT, r\u00e9gl\u00e9es en esp\u00e8ces sur les recettes de notre point convivialit\u00e9.<\/p>\n<p>L&rsquo;hiver va freiner l&rsquo;ardeur de notre \u00e9quipe et les travaux reprendront au printemps&#8230;notre objectif : que la 4CV puisse \u00eatre pr\u00e9sent\u00e9e \u00e0 tous en septembre ou octobre 2018 .<\/p>\n<p>Si d&rsquo;autres membres du club veulent s&rsquo;investir pour travailler sur ce projet&nbsp; ils seront les bienvenus&#8230;Jean &#8211; Claude&nbsp; se propose de nous rejoindre d\u00e8s le printemps prochain.<\/p>\n<p>Il est vrai que ne disposant que du local \u00e0 BACCON cela nous pose quelques soucis. L&rsquo;id\u00e9al serait d&rsquo;avoir un local am\u00e9nag\u00e9 sur notre commune.<\/p>\n<p>&nbsp;<\/p>\n<p><strong>AG ordinaire du club<\/strong> : elle se tiendra le <strong>lundi 15 janvier<\/strong> <strong>2018 <\/strong>\u00e0 partir de 19H00 comme l&rsquo;an dernier au SELF EIFFEL 21 rue Gustave EIFFEL \u00e0 La Chapelle<br \/>\nUn bureau sera convoqu\u00e9 d\u00e9but janvier pour pr\u00e9parer cette AG<br \/>\nD&rsquo;ores et d\u00e9j\u00e0 le CD confirme le maintien \u00e0 30 \u20ac de la cotisation annuelle pour 2018.<\/p>\n<p>&nbsp;<\/p>\n<p><strong>Adh\u00e9sions 2018<\/strong>: lanc\u00e9e le 26 novembre la campagne de&nbsp; renouvellement des adh\u00e9sions&nbsp; a permis \u00e0 18 adh\u00e9rents de r\u00e9gler leur cotisation 2018. Les ch\u00e8ques ne seront mis en encaissement qu&rsquo;en janvier 2018 \u00e0 l&rsquo;issue de l&rsquo;AG. Un agenda est remis \u00e0 chaque adh\u00e9sion. Des bulletins seront disponibles le 16 d\u00e9cembre et lors de notre dernier RDV du 24 d\u00e9cembre <strong>RDV appel\u00e9 RDV des P\u00e8res No\u00ebl<\/strong><\/p>\n<p>&nbsp;<\/p>\n<p><strong>Sortie RETROMOBILE<\/strong>: une sortie en minibus sera organis\u00e9e le mercredi 7 f\u00e9vrier (d\u00e9j\u00e0 trois inscrits).Le club ach\u00e8tera des places d\u00e9but janvier pour b\u00e9n\u00e9ficier du tarif&nbsp; r\u00e9duit<\/p>\n<p><strong>&nbsp;<\/strong><\/p>\n<p><strong>Salon de la voiture ancienne 9\/10\/11 mars 2018 au Parc des Expositions d&rsquo;Orl\u00e9ans:<\/strong> Jean Paul <strong>IMBAULT<\/strong> du CAACL nous a contact\u00e9 car un salon de la voiture ancienne sera organis\u00e9 en mars \u00e0 Orl\u00e9ans en m\u00eame temps que le salon des Antiquaires. Tous les clubs du Loiret sont sollicit\u00e9s pour y participer: organisation d&rsquo;un stand, pr\u00e9sentation de v\u00e9hicules d&rsquo;avant 1970 dans un \u00e9tat irr\u00e9prochable&#8230;c&rsquo;est&nbsp; un tr\u00e8s bon moyen de communiquer autour de notre club. Le CD souhaite que notre club participe \u00e0 cet \u00e9v\u00e8nement. Il faudra respecter le r\u00e8glement tr\u00e8s strict \u00e9tabli par l&rsquo;organisateur. Nous en reparlerons lors de l&rsquo;AG.. Peut \u00eatre que lors de cet \u00e9v\u00e8nement nous pourrions pr\u00e9senter l&rsquo;\u00e9tat d&rsquo;avancement de la restauration de notre 4CV ?<\/p>\n<p>Ce salon se tiendra&nbsp; en m\u00eame temps que REIMS et la bourse de SANDILLON<\/p>\n<p>&nbsp;<\/p>\n<p><strong>Un nouveau d\u00e9l\u00e9gu\u00e9 r\u00e9gional FFVE <\/strong>a \u00e9t\u00e9 nomm\u00e9: Guy <strong>TATON. <\/strong>Nous l&rsquo;inviterons \u00e0 participer \u00e0 notre AG<\/p>\n<p>&nbsp;<\/p>\n<p><strong>Calendrier RETROCHAP 2018:<\/strong> des propositions de th\u00e8mes de RDV sont r\u00e9pertori\u00e9es, nous organiserons trois rallyes en plus du 8\u00e8me rallye des Lumi\u00e8res. Robert <strong>TIXIER<\/strong> nous demande de mettre en place une sortie sur deux ou trois jours en juillet. Nous&nbsp; travaillerons sur ce projet.<\/p>\n<p>Le 30 septembre, seule disponibilit\u00e9 \u00e0 BERAIRE, nous organiserons une bourse et le salon des collections insolites.<\/p>\n<p>Concernant la plaque adh\u00e9rent 2018&nbsp; le CD&nbsp; par l&rsquo;interm\u00e9diaire de Jean Paul <strong>PRIEUR<\/strong> contactera David <strong>CHAMAILLE<\/strong>&nbsp; pour mettre la photo de sa FORD T sur notre plaque 2018 qui sera donn\u00e9e aux adh\u00e9rents lors de l&rsquo;AG.<\/p>\n<p>La r\u00e9union se termine par une soir\u00e9e tr\u00e8s conviviale qui nous permet de f\u00eater les 70 ans de Daniel BADAN et Jean-Pierre <strong>LINGER<\/strong><\/p>\n<p>Fait \u00e0 La Chapelle, le 7 d\u00e9cembre 2017<\/p>\n<p>Le Pr\u00e9sident<br \/>\n<strong>Raymond ADAMCZYK<\/strong><\/p>\n","protected":false},"excerpt":{"rendered":"<p>Le Comit\u00e9 Directeur s&rsquo;est r\u00e9uni \u00e0 partir de 19H30 \u00e0&nbsp; la Maison de Beauvois \u00e0 La Chapelle. Pr\u00e9sents: sur les onze membres qui composent notre CD, sept sont pr\u00e9sents suite [&hellip;]<\/p>\n","protected":false},"author":1,"featured_media":2912,"comment_status":"closed","ping_status":"closed","sticky":false,"template":"","format":"standard","meta":{"footnotes":""},"categories":[104,3],"tags":[105],"class_list":{"0":"post-2997","1":"post","2":"type-post","3":"status-publish","4":"format-standard","5":"has-post-thumbnail","7":"category-comite-directeur","8":"category-news","9":"tag-comite-directeur","10":"czr-hentry"},"_links":{"self":[{"href":"https:\/\/www.retrochap.fr\/site\/wp-json\/wp\/v2\/posts\/2997","targetHints":{"allow":["GET"]}}],"collection":[{"href":"https:\/\/www.retrochap.fr\/site\/wp-json\/wp\/v2\/posts"}],"about":[{"href":"https:\/\/www.retrochap.fr\/site\/wp-json\/wp\/v2\/types\/post"}],"author":[{"embeddable":true,"href":"https:\/\/www.retrochap.fr\/site\/wp-json\/wp\/v2\/users\/1"}],"replies":[{"embeddable":true,"href":"https:\/\/www.retrochap.fr\/site\/wp-json\/wp\/v2\/comments?post=2997"}],"version-history":[{"count":4,"href":"https:\/\/www.retrochap.fr\/site\/wp-json\/wp\/v2\/posts\/2997\/revisions"}],"predecessor-version":[{"id":3007,"href":"https:\/\/www.retrochap.fr\/site\/wp-json\/wp\/v2\/posts\/2997\/revisions\/3007"}],"wp:featuredmedia":[{"embeddable":true,"href":"https:\/\/www.retrochap.fr\/site\/wp-json\/wp\/v2\/media\/2912"}],"wp:attachment":[{"href":"https:\/\/www.retrochap.fr\/site\/wp-json\/wp\/v2\/media?parent=2997"}],"wp:term":[{"taxonomy":"category","embeddable":true,"href":"https:\/\/www.retrochap.fr\/site\/wp-json\/wp\/v2\/categories?post=2997"},{"taxonomy":"post_tag","embeddable":true,"href":"https:\/\/www.retrochap.fr\/site\/wp-json\/wp\/v2\/tags?post=2997"}],"curies":[{"name":"wp","href":"https:\/\/api.w.org\/{rel}","templated":true}]}}