{"id":3191,"date":"2017-12-23T06:48:40","date_gmt":"2017-12-23T05:48:40","guid":{"rendered":"http:\/\/www.retrochap.fr\/site\/?p=3191"},"modified":"2017-12-25T17:40:08","modified_gmt":"2017-12-25T16:40:08","slug":"assemblee-generale-lundi-22-janvier-2018","status":"publish","type":"post","link":"https:\/\/www.retrochap.fr\/site\/2017\/12\/assemblee-generale-lundi-22-janvier-2018\/","title":{"rendered":"ASSEMBL\u00c9E G\u00c9N\u00c9RALE LUNDI 22 JANVIER 2018"},"content":{"rendered":"<p>Notre assembl\u00e9e g\u00e9n\u00e9rale initialement programm\u00e9e lundi 15 janvier a \u00e9t\u00e9 d\u00e9cal\u00e9e au lundi 22 janvier \u00e0 19H00 au SELF EIFFEL 21 rue Gustave Eiffel \u00e0 La Chapelle Saint Mesmin. A l&rsquo;issue de nos travaux nous partagerons un buffet au tarif de 15\u20ac par personne.Les convocations et l&rsquo;ordre du jour seront diffus\u00e9s d\u00e9but 2018.<\/p>\n<p>Nous avons d\u00e9cal\u00e9 notre AG du 15 au 22 car nous venons de recevoir une invitation pour assister \u00e0 la pr\u00e9sentation des V\u0153ux de M. le Maire de La Chapelle \u00e0 la population et au monde \u00e9conomique et associatif le lundi 15 janvier \u00e0 19H30 \u00e0 l&rsquo;Espace BERAIRE.<\/p>\n","protected":false},"excerpt":{"rendered":"<p>Notre assembl\u00e9e g\u00e9n\u00e9rale initialement programm\u00e9e lundi 15 janvier a \u00e9t\u00e9 d\u00e9cal\u00e9e au lundi 22 janvier \u00e0 19H00 au SELF EIFFEL 21 rue Gustave Eiffel \u00e0 La Chapelle Saint Mesmin. A [&hellip;]<\/p>\n","protected":false},"author":2,"featured_media":2995,"comment_status":"closed","ping_status":"closed","sticky":false,"template":"","format":"standard","meta":{"footnotes":""},"categories":[3],"tags":[42],"class_list":{"0":"post-3191","1":"post","2":"type-post","3":"status-publish","4":"format-standard","5":"has-post-thumbnail","7":"category-news","8":"tag-assemblee-generale","9":"czr-hentry"},"_links":{"self":[{"href":"https:\/\/www.retrochap.fr\/site\/wp-json\/wp\/v2\/posts\/3191","targetHints":{"allow":["GET"]}}],"collection":[{"href":"https:\/\/www.retrochap.fr\/site\/wp-json\/wp\/v2\/posts"}],"about":[{"href":"https:\/\/www.retrochap.fr\/site\/wp-json\/wp\/v2\/types\/post"}],"author":[{"embeddable":true,"href":"https:\/\/www.retrochap.fr\/site\/wp-json\/wp\/v2\/users\/2"}],"replies":[{"embeddable":true,"href":"https:\/\/www.retrochap.fr\/site\/wp-json\/wp\/v2\/comments?post=3191"}],"version-history":[{"count":1,"href":"https:\/\/www.retrochap.fr\/site\/wp-json\/wp\/v2\/posts\/3191\/revisions"}],"predecessor-version":[{"id":3192,"href":"https:\/\/www.retrochap.fr\/site\/wp-json\/wp\/v2\/posts\/3191\/revisions\/3192"}],"wp:featuredmedia":[{"embeddable":true,"href":"https:\/\/www.retrochap.fr\/site\/wp-json\/wp\/v2\/media\/2995"}],"wp:attachment":[{"href":"https:\/\/www.retrochap.fr\/site\/wp-json\/wp\/v2\/media?parent=3191"}],"wp:term":[{"taxonomy":"category","embeddable":true,"href":"https:\/\/www.retrochap.fr\/site\/wp-json\/wp\/v2\/categories?post=3191"},{"taxonomy":"post_tag","embeddable":true,"href":"https:\/\/www.retrochap.fr\/site\/wp-json\/wp\/v2\/tags?post=3191"}],"curies":[{"name":"wp","href":"https:\/\/api.w.org\/{rel}","templated":true}]}}