{"id":4188,"date":"2018-08-21T07:37:54","date_gmt":"2018-08-21T05:37:54","guid":{"rendered":"http:\/\/www.retrochap.fr\/site\/?p=4188"},"modified":"2018-08-21T07:37:54","modified_gmt":"2018-08-21T05:37:54","slug":"allez-a-fleury-les-aubrais","status":"publish","type":"post","link":"https:\/\/www.retrochap.fr\/site\/2018\/08\/allez-a-fleury-les-aubrais\/","title":{"rendered":"ALLEZ A FLEURY LES AUBRAIS"},"content":{"rendered":"<p>Il est possible de d\u00e9couvrir trois magnifiques \u00ab\u00a0anciennes\u00a0\u00bb \u00e0 Fleury les Aubrais<\/p>\n<p>Dans le Hall de la concession MERCEDES un magnifique cabriolet de 1938<\/p>\n<p>Dans le Hall de l&rsquo;agence de location de v\u00e9hicules CALYPSO: une tr\u00e8s belle RENAULT NN jaune de 1925 et une rare DELAUGERE et CLAYETTE<\/p>\n<p>N&rsquo;h\u00e9sitez pas \u00e0 pousser la porte&#8230;le meilleur accueil vous sera r\u00e9serv\u00e9&#8230;demandez n\u00e9anmoins la permission de photographier par courtoisie<a href=\"http:\/\/www.retrochap.fr\/site\/2018\/08\/allez-a-fleury-les-aubrais\/p1070601\/\" rel=\"attachment wp-att-4189\"><img loading=\"lazy\" decoding=\"async\" class=\"alignnone size-medium wp-image-4189\" src=\"http:\/\/www.retrochap.fr\/site\/wp-content\/uploads\/2018\/08\/P1070601-300x225.jpg\" alt=\"\" width=\"300\" height=\"225\" srcset=\"https:\/\/www.retrochap.fr\/site\/wp-content\/uploads\/2018\/08\/P1070601-300x225.jpg 300w, https:\/\/www.retrochap.fr\/site\/wp-content\/uploads\/2018\/08\/P1070601-768x576.jpg 768w, https:\/\/www.retrochap.fr\/site\/wp-content\/uploads\/2018\/08\/P1070601-1024x768.jpg 1024w, https:\/\/www.retrochap.fr\/site\/wp-content\/uploads\/2018\/08\/P1070601-570x428.jpg 570w, https:\/\/www.retrochap.fr\/site\/wp-content\/uploads\/2018\/08\/P1070601-1320x990.jpg 1320w, https:\/\/www.retrochap.fr\/site\/wp-content\/uploads\/2018\/08\/P1070601.jpg 2048w\" sizes=\"auto, (max-width: 300px) 100vw, 300px\" \/><\/a><\/p>\n","protected":false},"excerpt":{"rendered":"<p>Il est possible de d\u00e9couvrir trois magnifiques \u00ab\u00a0anciennes\u00a0\u00bb \u00e0 Fleury les Aubrais Dans le Hall de la concession MERCEDES un magnifique cabriolet de 1938 Dans le Hall de l&rsquo;agence de [&hellip;]<\/p>\n","protected":false},"author":2,"featured_media":4189,"comment_status":"closed","ping_status":"closed","sticky":false,"template":"","format":"standard","meta":{"footnotes":""},"categories":[3],"tags":[],"class_list":{"0":"post-4188","1":"post","2":"type-post","3":"status-publish","4":"format-standard","5":"has-post-thumbnail","7":"category-news","8":"czr-hentry"},"_links":{"self":[{"href":"https:\/\/www.retrochap.fr\/site\/wp-json\/wp\/v2\/posts\/4188","targetHints":{"allow":["GET"]}}],"collection":[{"href":"https:\/\/www.retrochap.fr\/site\/wp-json\/wp\/v2\/posts"}],"about":[{"href":"https:\/\/www.retrochap.fr\/site\/wp-json\/wp\/v2\/types\/post"}],"author":[{"embeddable":true,"href":"https:\/\/www.retrochap.fr\/site\/wp-json\/wp\/v2\/users\/2"}],"replies":[{"embeddable":true,"href":"https:\/\/www.retrochap.fr\/site\/wp-json\/wp\/v2\/comments?post=4188"}],"version-history":[{"count":2,"href":"https:\/\/www.retrochap.fr\/site\/wp-json\/wp\/v2\/posts\/4188\/revisions"}],"predecessor-version":[{"id":4191,"href":"https:\/\/www.retrochap.fr\/site\/wp-json\/wp\/v2\/posts\/4188\/revisions\/4191"}],"wp:featuredmedia":[{"embeddable":true,"href":"https:\/\/www.retrochap.fr\/site\/wp-json\/wp\/v2\/media\/4189"}],"wp:attachment":[{"href":"https:\/\/www.retrochap.fr\/site\/wp-json\/wp\/v2\/media?parent=4188"}],"wp:term":[{"taxonomy":"category","embeddable":true,"href":"https:\/\/www.retrochap.fr\/site\/wp-json\/wp\/v2\/categories?post=4188"},{"taxonomy":"post_tag","embeddable":true,"href":"https:\/\/www.retrochap.fr\/site\/wp-json\/wp\/v2\/tags?post=4188"}],"curies":[{"name":"wp","href":"https:\/\/api.w.org\/{rel}","templated":true}]}}