{"id":4199,"date":"2018-08-23T16:01:50","date_gmt":"2018-08-23T14:01:50","guid":{"rendered":"http:\/\/www.retrochap.fr\/site\/?p=4199"},"modified":"2018-08-23T16:25:46","modified_gmt":"2018-08-23T14:25:46","slug":"weekend-charge","status":"publish","type":"post","link":"https:\/\/www.retrochap.fr\/site\/2018\/08\/weekend-charge\/","title":{"rendered":"WEEKEND CHARGE"},"content":{"rendered":"<p>Beaucoup d&rsquo;animations en cette fin du mois d\u2019ao\u00fbt:<\/p>\n<p>Entre autres<\/p>\n<p>Vendredi,samedi et dimanche; concentration \u00e0 SENNELY avec les CITRONS BOUDES<\/p>\n<p>Concentration samedi et dimanche \u00e0 CHARLY dans le Cher<\/p>\n<p>RDV mensuel \u00e0 BERAIRE o\u00f9 notre club mettra \u00e0 l&rsquo;honneur les motocyclettes et les cabriolets&#8230;une invit\u00e9e surprise est annonc\u00e9e&#8230;Au point convivialit\u00e9 vous pourrez d\u00e9guster des NEMS cuisin\u00e9s par un de nos adh\u00e9rents&#8230;retirer des bulletins d&rsquo;engagement pour la F\u00eate du Pont du 1er septembre, pour notre sortie du 23 septembre, pour notre bourse exposition et salon des collections insolites du 30 septembre D&rsquo;autre part Jean-Pierre sera pr\u00e9sent avec la TRACTION FERMIERE de retour de son rais au Cap Nord fin juin.<\/p>\n<p>Lundi notre \u00e9quipe terminera la restauration de notre 4CV \u00e0 BACCON<\/p>\n<p>&nbsp;<\/p>\n<p>QU&rsquo;ON SE LE DISE!!!<\/p>\n","protected":false},"excerpt":{"rendered":"<p>Beaucoup d&rsquo;animations en cette fin du mois d\u2019ao\u00fbt: Entre autres Vendredi,samedi et dimanche; concentration \u00e0 SENNELY avec les CITRONS BOUDES Concentration samedi et dimanche \u00e0 CHARLY dans le Cher RDV [&hellip;]<\/p>\n","protected":false},"author":2,"featured_media":0,"comment_status":"closed","ping_status":"closed","sticky":false,"template":"","format":"standard","meta":{"footnotes":""},"categories":[3],"tags":[54,52,53,43,48,25],"class_list":{"0":"post-4199","1":"post","2":"type-post","3":"status-publish","4":"format-standard","6":"category-news","7":"tag-bourse","8":"tag-club","9":"tag-expo","10":"tag-exposition","11":"tag-motocyclettes","12":"tag-sortie","13":"czr-hentry"},"_links":{"self":[{"href":"https:\/\/www.retrochap.fr\/site\/wp-json\/wp\/v2\/posts\/4199","targetHints":{"allow":["GET"]}}],"collection":[{"href":"https:\/\/www.retrochap.fr\/site\/wp-json\/wp\/v2\/posts"}],"about":[{"href":"https:\/\/www.retrochap.fr\/site\/wp-json\/wp\/v2\/types\/post"}],"author":[{"embeddable":true,"href":"https:\/\/www.retrochap.fr\/site\/wp-json\/wp\/v2\/users\/2"}],"replies":[{"embeddable":true,"href":"https:\/\/www.retrochap.fr\/site\/wp-json\/wp\/v2\/comments?post=4199"}],"version-history":[{"count":3,"href":"https:\/\/www.retrochap.fr\/site\/wp-json\/wp\/v2\/posts\/4199\/revisions"}],"predecessor-version":[{"id":4203,"href":"https:\/\/www.retrochap.fr\/site\/wp-json\/wp\/v2\/posts\/4199\/revisions\/4203"}],"wp:attachment":[{"href":"https:\/\/www.retrochap.fr\/site\/wp-json\/wp\/v2\/media?parent=4199"}],"wp:term":[{"taxonomy":"category","embeddable":true,"href":"https:\/\/www.retrochap.fr\/site\/wp-json\/wp\/v2\/categories?post=4199"},{"taxonomy":"post_tag","embeddable":true,"href":"https:\/\/www.retrochap.fr\/site\/wp-json\/wp\/v2\/tags?post=4199"}],"curies":[{"name":"wp","href":"https:\/\/api.w.org\/{rel}","templated":true}]}}