{"id":4432,"date":"2019-01-04T11:56:29","date_gmt":"2019-01-04T10:56:29","guid":{"rendered":"http:\/\/www.retrochap.fr\/site\/?p=4432"},"modified":"2019-01-04T11:56:30","modified_gmt":"2019-01-04T10:56:30","slug":"en-route-pour-une-nouvelle-annee","status":"publish","type":"post","link":"https:\/\/www.retrochap.fr\/site\/2019\/01\/en-route-pour-une-nouvelle-annee\/","title":{"rendered":"EN ROUTE POUR UNE NOUVELLE ANN\u00c9E"},"content":{"rendered":"<p>Le Comit\u00e9 Directeur de notre club vous pr\u00e9sente ses meilleurs voeux\u00a0 pour cette ann\u00e9e 2019 au cours de laquelle notre association f\u00eatera ses dix ans d&rsquo;existence<\/p>\n<p>Notre assembl\u00e9e g\u00e9n\u00e9rale ordinaire mais \u00e9lective se tiendra le mercredi 23 janvier \u00e0 19H00 \u00e0 l&rsquo;Espace BERAIRE \u00e0 La Chapelle Saint Mesmin. La convocation officielle a \u00e9y\u00e9 envoy\u00e9e \u00e0 tous les adh\u00e9rents.<\/p>\n<p><a href=\"http:\/\/www.retrochap.fr\/site\/2019\/01\/en-route-pour-une-nouvelle-annee\/p1070914-2\/\" rel=\"attachment wp-att-4433\"><img loading=\"lazy\" decoding=\"async\" class=\"alignnone size-medium wp-image-4433\" src=\"http:\/\/www.retrochap.fr\/site\/wp-content\/uploads\/2019\/01\/P1070914-300x225.jpg\" alt=\"\" width=\"300\" height=\"225\" srcset=\"https:\/\/www.retrochap.fr\/site\/wp-content\/uploads\/2019\/01\/P1070914-300x225.jpg 300w, https:\/\/www.retrochap.fr\/site\/wp-content\/uploads\/2019\/01\/P1070914-768x576.jpg 768w, https:\/\/www.retrochap.fr\/site\/wp-content\/uploads\/2019\/01\/P1070914-1024x768.jpg 1024w, https:\/\/www.retrochap.fr\/site\/wp-content\/uploads\/2019\/01\/P1070914-570x428.jpg 570w, https:\/\/www.retrochap.fr\/site\/wp-content\/uploads\/2019\/01\/P1070914-1320x990.jpg 1320w, https:\/\/www.retrochap.fr\/site\/wp-content\/uploads\/2019\/01\/P1070914.jpg 2048w\" sizes=\"auto, (max-width: 300px) 100vw, 300px\" \/><\/a><\/p>\n","protected":false},"excerpt":{"rendered":"<p>Le Comit\u00e9 Directeur de notre club vous pr\u00e9sente ses meilleurs voeux\u00a0 pour cette ann\u00e9e 2019 au cours de laquelle notre association f\u00eatera ses dix ans d&rsquo;existence Notre assembl\u00e9e g\u00e9n\u00e9rale ordinaire [&hellip;]<\/p>\n","protected":false},"author":2,"featured_media":4433,"comment_status":"closed","ping_status":"closed","sticky":false,"template":"","format":"standard","meta":{"footnotes":""},"categories":[3],"tags":[42,64,52,5],"class_list":{"0":"post-4432","1":"post","2":"type-post","3":"status-publish","4":"format-standard","5":"has-post-thumbnail","7":"category-news","8":"tag-assemblee-generale","9":"tag-association","10":"tag-club","11":"tag-la-chapelle-saint-mesmin","12":"czr-hentry"},"_links":{"self":[{"href":"https:\/\/www.retrochap.fr\/site\/wp-json\/wp\/v2\/posts\/4432","targetHints":{"allow":["GET"]}}],"collection":[{"href":"https:\/\/www.retrochap.fr\/site\/wp-json\/wp\/v2\/posts"}],"about":[{"href":"https:\/\/www.retrochap.fr\/site\/wp-json\/wp\/v2\/types\/post"}],"author":[{"embeddable":true,"href":"https:\/\/www.retrochap.fr\/site\/wp-json\/wp\/v2\/users\/2"}],"replies":[{"embeddable":true,"href":"https:\/\/www.retrochap.fr\/site\/wp-json\/wp\/v2\/comments?post=4432"}],"version-history":[{"count":2,"href":"https:\/\/www.retrochap.fr\/site\/wp-json\/wp\/v2\/posts\/4432\/revisions"}],"predecessor-version":[{"id":4435,"href":"https:\/\/www.retrochap.fr\/site\/wp-json\/wp\/v2\/posts\/4432\/revisions\/4435"}],"wp:featuredmedia":[{"embeddable":true,"href":"https:\/\/www.retrochap.fr\/site\/wp-json\/wp\/v2\/media\/4433"}],"wp:attachment":[{"href":"https:\/\/www.retrochap.fr\/site\/wp-json\/wp\/v2\/media?parent=4432"}],"wp:term":[{"taxonomy":"category","embeddable":true,"href":"https:\/\/www.retrochap.fr\/site\/wp-json\/wp\/v2\/categories?post=4432"},{"taxonomy":"post_tag","embeddable":true,"href":"https:\/\/www.retrochap.fr\/site\/wp-json\/wp\/v2\/tags?post=4432"}],"curies":[{"name":"wp","href":"https:\/\/api.w.org\/{rel}","templated":true}]}}