{"id":4468,"date":"2019-01-21T12:11:02","date_gmt":"2019-01-21T11:11:02","guid":{"rendered":"http:\/\/www.retrochap.fr\/site\/?p=4468"},"modified":"2019-01-21T12:19:47","modified_gmt":"2019-01-21T11:19:47","slug":"intermarche-a-lheure-americaine","status":"publish","type":"post","link":"https:\/\/www.retrochap.fr\/site\/2019\/01\/intermarche-a-lheure-americaine\/","title":{"rendered":"INTERMARCHE A L&rsquo;HEURE AM\u00c9RICAINE"},"content":{"rendered":"<p>Surprise ce matin, une magnifique FORD MUSTANG de couleur rouge est expos\u00e9e dans l&rsquo;entr\u00e9e d&rsquo;\u00a0 INTERMARCHE. Renseignements pris il s&rsquo;agit de la FORD MUSTANG de 1967\u00a0 de St\u00e9phane. Elle restera en place\u00a0 durant quinze jours car le magasin fait une campagne de vente de produits US sur cette p\u00e9riode<\/p>\n<p>A coup s\u00fbr elle va faire l&rsquo;admiration de nombreux clients. St\u00e9phane, rencontr\u00e9 sur place\u00a0 travaille pour COCA COLA, il conna\u00eet bien notre club, il est d\u2019ailleurs venu l&rsquo;an dernier sur le RDV o\u00f9 nous avions mis les MUSTANG \u00e0 l&rsquo;honneur<\/p>\n<p>V\u00e9ronique, Jean Paul et Jean Pierre allaient faire vos courses avec votre MUSTANG le m\u00eame jour: succ\u00e8s assur\u00e9!!!!!<\/p>\n<p>Saluons l&rsquo;initiative du directeur d&rsquo;INTERMARCHE<\/p>\n<p>!<a href=\"http:\/\/www.retrochap.fr\/site\/2019\/01\/intermarche-a-lheure-americaine\/photo-mustang-rouge\/\" rel=\"attachment wp-att-4469\"><img loading=\"lazy\" decoding=\"async\" class=\"alignnone  wp-image-4469\" src=\"http:\/\/www.retrochap.fr\/site\/wp-content\/uploads\/2019\/01\/PHOTO-MUSTANG-ROUGE-225x300.jpg\" alt=\"\" width=\"220\" height=\"293\" srcset=\"https:\/\/www.retrochap.fr\/site\/wp-content\/uploads\/2019\/01\/PHOTO-MUSTANG-ROUGE-225x300.jpg 225w, https:\/\/www.retrochap.fr\/site\/wp-content\/uploads\/2019\/01\/PHOTO-MUSTANG-ROUGE-768x1024.jpg 768w, https:\/\/www.retrochap.fr\/site\/wp-content\/uploads\/2019\/01\/PHOTO-MUSTANG-ROUGE-600x800.jpg 600w, https:\/\/www.retrochap.fr\/site\/wp-content\/uploads\/2019\/01\/PHOTO-MUSTANG-ROUGE-570x760.jpg 570w, https:\/\/www.retrochap.fr\/site\/wp-content\/uploads\/2019\/01\/PHOTO-MUSTANG-ROUGE-1320x1760.jpg 1320w, https:\/\/www.retrochap.fr\/site\/wp-content\/uploads\/2019\/01\/PHOTO-MUSTANG-ROUGE.jpg 1536w\" sizes=\"auto, (max-width: 220px) 100vw, 220px\" \/><\/a><\/p>\n","protected":false},"excerpt":{"rendered":"<p>Surprise ce matin, une magnifique FORD MUSTANG de couleur rouge est expos\u00e9e dans l&rsquo;entr\u00e9e d&rsquo;\u00a0 INTERMARCHE. Renseignements pris il s&rsquo;agit de la FORD MUSTANG de 1967\u00a0 de St\u00e9phane. Elle restera [&hellip;]<\/p>\n","protected":false},"author":2,"featured_media":4469,"comment_status":"closed","ping_status":"closed","sticky":false,"template":"","format":"standard","meta":{"footnotes":""},"categories":[3],"tags":[52,53],"class_list":{"0":"post-4468","1":"post","2":"type-post","3":"status-publish","4":"format-standard","5":"has-post-thumbnail","7":"category-news","8":"tag-club","9":"tag-expo","10":"czr-hentry"},"_links":{"self":[{"href":"https:\/\/www.retrochap.fr\/site\/wp-json\/wp\/v2\/posts\/4468","targetHints":{"allow":["GET"]}}],"collection":[{"href":"https:\/\/www.retrochap.fr\/site\/wp-json\/wp\/v2\/posts"}],"about":[{"href":"https:\/\/www.retrochap.fr\/site\/wp-json\/wp\/v2\/types\/post"}],"author":[{"embeddable":true,"href":"https:\/\/www.retrochap.fr\/site\/wp-json\/wp\/v2\/users\/2"}],"replies":[{"embeddable":true,"href":"https:\/\/www.retrochap.fr\/site\/wp-json\/wp\/v2\/comments?post=4468"}],"version-history":[{"count":4,"href":"https:\/\/www.retrochap.fr\/site\/wp-json\/wp\/v2\/posts\/4468\/revisions"}],"predecessor-version":[{"id":4473,"href":"https:\/\/www.retrochap.fr\/site\/wp-json\/wp\/v2\/posts\/4468\/revisions\/4473"}],"wp:featuredmedia":[{"embeddable":true,"href":"https:\/\/www.retrochap.fr\/site\/wp-json\/wp\/v2\/media\/4469"}],"wp:attachment":[{"href":"https:\/\/www.retrochap.fr\/site\/wp-json\/wp\/v2\/media?parent=4468"}],"wp:term":[{"taxonomy":"category","embeddable":true,"href":"https:\/\/www.retrochap.fr\/site\/wp-json\/wp\/v2\/categories?post=4468"},{"taxonomy":"post_tag","embeddable":true,"href":"https:\/\/www.retrochap.fr\/site\/wp-json\/wp\/v2\/tags?post=4468"}],"curies":[{"name":"wp","href":"https:\/\/api.w.org\/{rel}","templated":true}]}}