{"id":4477,"date":"2019-01-22T08:35:28","date_gmt":"2019-01-22T07:35:28","guid":{"rendered":"http:\/\/www.retrochap.fr\/site\/?p=4477"},"modified":"2019-01-31T22:48:11","modified_gmt":"2019-01-31T21:48:11","slug":"des-news-du-bureau","status":"publish","type":"post","link":"https:\/\/www.retrochap.fr\/site\/2019\/01\/des-news-du-bureau\/","title":{"rendered":"DES NEWS DU BUREAU"},"content":{"rendered":"<p>Comme chaque ann\u00e9e \u00e0 la m\u00eame p\u00e9riode le bureau de notre club se r\u00e9unit\u00a0 au domicile du pr\u00e9sident pour essentiellement pr\u00e9parer l&rsquo;Assembl\u00e9e g\u00e9n\u00e9rale et faire v\u00e9rifier nos comptes par Catherine LAPEYRONNIE<\/p>\n<p>Points abord\u00e9s ce lundi 21 janvier:<\/p>\n<p>Le bureau lance un appel pour que notre club entoure les familles BARDY et MAUNOIR\u00a0 lors des obs\u00e8ques de Marie Fran\u00e7oise LEGRAND conjointe de Jean-Marie qui se d\u00e9rouleront ce mercredi 23 janvier \u00e0 10H30 \u00e0 l&rsquo;\u00e9glise de La Chapelle.<\/p>\n<p>Validation de la liste des candidats pour l&rsquo;\u00e9lection de notre CD. Ayant re\u00e7u 12 candidatures nous proposerons \u00e0 l&rsquo;AG une modification de nos statuts pour faire passer\u00a0 notre CD de 10 \u00e0 12 membres<\/p>\n<p>Organisation de notre AG: les diff\u00e9rents documents seront remis \u00e0 chaque adh\u00e9rent: rapport d&rsquo;activit\u00e9s, compte de r\u00e9sultats et bilan financier, bulletin d&rsquo;adh\u00e9sion, r\u00e8glement int\u00e9rieur, projets 2019, convention de mise \u00e0 disposition de MARQUISE,, budget pr\u00e9visionnel&#8230;<\/p>\n<p>2019 marquera le 10\u00e8me anniversaire de la cr\u00e9ation de RETROCHAP . Le bureau \u00e9voque toutes les actions que nous pourrions mettre en place au cours de cette ann\u00e9e.<\/p>\n<p>76 personnes se sont inscrites pour le buffet campagnard qui suivra nos travaux. esp\u00e9rons que les conditions m\u00e9t\u00e9o ne vont pas se d\u00e9grad\u00e9es&#8230;<\/p>\n<p>Nous donnons RDV aux personnes disponibles \u00e0 16 H \u00e0 l&rsquo;Espace\u00a0 BERAIRE pour pr\u00e9parer la salle<\/p>\n<p>Le bureau liste les diff\u00e9rents points qu&rsquo;il faudra aborder lors de notre AG<\/p>\n<p>Un appel est lanc\u00e9 pour trouver des personnes disponibles pour assurer l&rsquo;organisation de notre 1er RDV de l&rsquo;ann\u00e9e ce dimanche 27 janvier o\u00f9 nous mettrons \u00e0 l&rsquo;honneur les voitures ayant particip\u00e9 au Raid des Neiges et \u00e0 la Route Blanche. D&rsquo;autre part nous cherchons des volontaires pour assurer l&rsquo;organisation et une pr\u00e9sence au stand RETROCHAP lors de l&rsquo;exposition pr\u00e9vue au salon des Miniatures au Parc des Expo o\u00f9 nous exposerons MARQUISE et la SINGER d&rsquo;Alain BOBAULT.<\/p>\n<p>Catherine ent\u00e9rine le compte de r\u00e9sultats 2018 et le bilan financier pr\u00e9sent\u00e9 par Erwan AGOGUE<\/p>\n<p>La r\u00e9union se termine par un moment de convivialit\u00e9<\/p>\n","protected":false},"excerpt":{"rendered":"<p>Comme chaque ann\u00e9e \u00e0 la m\u00eame p\u00e9riode le bureau de notre club se r\u00e9unit\u00a0 au domicile du pr\u00e9sident pour essentiellement pr\u00e9parer l&rsquo;Assembl\u00e9e g\u00e9n\u00e9rale et faire v\u00e9rifier nos comptes par Catherine [&hellip;]<\/p>\n","protected":false},"author":2,"featured_media":3554,"comment_status":"closed","ping_status":"closed","sticky":false,"template":"","format":"standard","meta":{"footnotes":""},"categories":[3],"tags":[42,52,53,43,69],"class_list":{"0":"post-4477","1":"post","2":"type-post","3":"status-publish","4":"format-standard","5":"has-post-thumbnail","7":"category-news","8":"tag-assemblee-generale","9":"tag-club","10":"tag-expo","11":"tag-exposition","12":"tag-retrochap","13":"czr-hentry"},"_links":{"self":[{"href":"https:\/\/www.retrochap.fr\/site\/wp-json\/wp\/v2\/posts\/4477","targetHints":{"allow":["GET"]}}],"collection":[{"href":"https:\/\/www.retrochap.fr\/site\/wp-json\/wp\/v2\/posts"}],"about":[{"href":"https:\/\/www.retrochap.fr\/site\/wp-json\/wp\/v2\/types\/post"}],"author":[{"embeddable":true,"href":"https:\/\/www.retrochap.fr\/site\/wp-json\/wp\/v2\/users\/2"}],"replies":[{"embeddable":true,"href":"https:\/\/www.retrochap.fr\/site\/wp-json\/wp\/v2\/comments?post=4477"}],"version-history":[{"count":1,"href":"https:\/\/www.retrochap.fr\/site\/wp-json\/wp\/v2\/posts\/4477\/revisions"}],"predecessor-version":[{"id":4478,"href":"https:\/\/www.retrochap.fr\/site\/wp-json\/wp\/v2\/posts\/4477\/revisions\/4478"}],"wp:featuredmedia":[{"embeddable":true,"href":"https:\/\/www.retrochap.fr\/site\/wp-json\/wp\/v2\/media\/3554"}],"wp:attachment":[{"href":"https:\/\/www.retrochap.fr\/site\/wp-json\/wp\/v2\/media?parent=4477"}],"wp:term":[{"taxonomy":"category","embeddable":true,"href":"https:\/\/www.retrochap.fr\/site\/wp-json\/wp\/v2\/categories?post=4477"},{"taxonomy":"post_tag","embeddable":true,"href":"https:\/\/www.retrochap.fr\/site\/wp-json\/wp\/v2\/tags?post=4477"}],"curies":[{"name":"wp","href":"https:\/\/api.w.org\/{rel}","templated":true}]}}