{"id":4479,"date":"2019-01-28T05:38:55","date_gmt":"2019-01-28T04:38:55","guid":{"rendered":"http:\/\/www.retrochap.fr\/site\/?p=4479"},"modified":"2019-01-28T05:38:56","modified_gmt":"2019-01-28T04:38:56","slug":"semaine-4-chargee","status":"publish","type":"post","link":"https:\/\/www.retrochap.fr\/site\/2019\/01\/semaine-4-chargee\/","title":{"rendered":"SEMAINE 4 CHARG\u00c9E"},"content":{"rendered":"<p>L&rsquo;ann\u00e9e 2019 a d\u00e9but\u00e9 sur les chapeaux de roue, notamment la semaine qui vient de se d\u00e9rouler:<\/p>\n<p>Notre Assembl\u00e9e G\u00e9n\u00e9rale a r\u00e9uni 93 personnes le mercredi 23 janvier \u00e0 l&rsquo;Espace BERAIRE. Le PV de l&rsquo;AG sera diffus\u00e9 \u00e0 tous les adh\u00e9rents dans les prochains jours<\/p>\n<p>MARQUISE et la SINGER d&rsquo;Alain ont \u00e9t\u00e9 expos\u00e9es le dimanche 27 au salon national de la miniature au Parc des Expositions \u00e0 ORLEANS. merci \u00e0 nos b\u00e9n\u00e9voles qui ont assur\u00e9 une pr\u00e9sence sur notre stand toute cette journ\u00e9e<\/p>\n<p>Une m\u00e9t\u00e9o dissuasive et un vent froid ont g\u00ean\u00e9 l&rsquo;organisation de notre premier RDV de l&rsquo;ann\u00e9e sur l&rsquo;Esplanade de BERAIRE. 75 v\u00e9hicules pr\u00e9sents dont plusieurs qui ont particip\u00e9 au 24\u00e8me Raid des Neiges organis\u00e9 par le club de Daniel PATY qui a pu faire le bilan sur ce tr\u00e8s beau rallye qui a r\u00e9uni plus de \ud83d\ude2f v\u00e9hicules<\/p>\n<p><a href=\"http:\/\/www.retrochap.fr\/site\/2019\/01\/semaine-4-chargee\/photo-salon-parc-expo\/\" rel=\"attachment wp-att-4480\"><img loading=\"lazy\" decoding=\"async\" class=\"alignnone size-medium wp-image-4480\" src=\"http:\/\/www.retrochap.fr\/site\/wp-content\/uploads\/2019\/01\/PHOTO-SALON-PARC-EXPO-300x167.jpg\" alt=\"\" width=\"300\" height=\"167\" \/><\/a> <a href=\"http:\/\/www.retrochap.fr\/site\/2019\/01\/semaine-4-chargee\/photo-salon-parc-expo-2\/\" rel=\"attachment wp-att-4481\"><img loading=\"lazy\" decoding=\"async\" class=\"alignnone size-medium wp-image-4481\" src=\"http:\/\/www.retrochap.fr\/site\/wp-content\/uploads\/2019\/01\/PHOTO-SALON-PARC-EXPO-1-300x167.jpg\" alt=\"\" width=\"300\" height=\"167\" srcset=\"https:\/\/www.retrochap.fr\/site\/wp-content\/uploads\/2019\/01\/PHOTO-SALON-PARC-EXPO-1-300x167.jpg 300w, https:\/\/www.retrochap.fr\/site\/wp-content\/uploads\/2019\/01\/PHOTO-SALON-PARC-EXPO-1-768x428.jpg 768w, https:\/\/www.retrochap.fr\/site\/wp-content\/uploads\/2019\/01\/PHOTO-SALON-PARC-EXPO-1-1024x571.jpg 1024w, https:\/\/www.retrochap.fr\/site\/wp-content\/uploads\/2019\/01\/PHOTO-SALON-PARC-EXPO-1-570x318.jpg 570w, https:\/\/www.retrochap.fr\/site\/wp-content\/uploads\/2019\/01\/PHOTO-SALON-PARC-EXPO-1.jpg 1200w\" sizes=\"auto, (max-width: 300px) 100vw, 300px\" \/><\/a><a href=\"http:\/\/www.retrochap.fr\/site\/2019\/01\/semaine-4-chargee\/_dsc0221-1\/\" rel=\"attachment wp-att-4482\"><img loading=\"lazy\" decoding=\"async\" class=\"alignnone size-medium wp-image-4482\" src=\"http:\/\/www.retrochap.fr\/site\/wp-content\/uploads\/2019\/01\/DSC0221-1-300x148.jpg\" alt=\"\" width=\"300\" height=\"148\" srcset=\"https:\/\/www.retrochap.fr\/site\/wp-content\/uploads\/2019\/01\/DSC0221-1-300x148.jpg 300w, https:\/\/www.retrochap.fr\/site\/wp-content\/uploads\/2019\/01\/DSC0221-1-768x379.jpg 768w, https:\/\/www.retrochap.fr\/site\/wp-content\/uploads\/2019\/01\/DSC0221-1-1024x505.jpg 1024w, https:\/\/www.retrochap.fr\/site\/wp-content\/uploads\/2019\/01\/DSC0221-1-570x281.jpg 570w, https:\/\/www.retrochap.fr\/site\/wp-content\/uploads\/2019\/01\/DSC0221-1.jpg 1200w\" sizes=\"auto, (max-width: 300px) 100vw, 300px\" \/><\/a><\/p>\n","protected":false},"excerpt":{"rendered":"<p>L&rsquo;ann\u00e9e 2019 a d\u00e9but\u00e9 sur les chapeaux de roue, notamment la semaine qui vient de se d\u00e9rouler: Notre Assembl\u00e9e G\u00e9n\u00e9rale a r\u00e9uni 93 personnes le mercredi 23 janvier \u00e0 l&rsquo;Espace [&hellip;]<\/p>\n","protected":false},"author":2,"featured_media":4482,"comment_status":"closed","ping_status":"closed","sticky":false,"template":"","format":"standard","meta":{"footnotes":""},"categories":[3],"tags":[42,52,53,43,70],"class_list":{"0":"post-4479","1":"post","2":"type-post","3":"status-publish","4":"format-standard","5":"has-post-thumbnail","7":"category-news","8":"tag-assemblee-generale","9":"tag-club","10":"tag-expo","11":"tag-exposition","12":"tag-rallye","13":"czr-hentry"},"_links":{"self":[{"href":"https:\/\/www.retrochap.fr\/site\/wp-json\/wp\/v2\/posts\/4479","targetHints":{"allow":["GET"]}}],"collection":[{"href":"https:\/\/www.retrochap.fr\/site\/wp-json\/wp\/v2\/posts"}],"about":[{"href":"https:\/\/www.retrochap.fr\/site\/wp-json\/wp\/v2\/types\/post"}],"author":[{"embeddable":true,"href":"https:\/\/www.retrochap.fr\/site\/wp-json\/wp\/v2\/users\/2"}],"replies":[{"embeddable":true,"href":"https:\/\/www.retrochap.fr\/site\/wp-json\/wp\/v2\/comments?post=4479"}],"version-history":[{"count":2,"href":"https:\/\/www.retrochap.fr\/site\/wp-json\/wp\/v2\/posts\/4479\/revisions"}],"predecessor-version":[{"id":4484,"href":"https:\/\/www.retrochap.fr\/site\/wp-json\/wp\/v2\/posts\/4479\/revisions\/4484"}],"wp:featuredmedia":[{"embeddable":true,"href":"https:\/\/www.retrochap.fr\/site\/wp-json\/wp\/v2\/media\/4482"}],"wp:attachment":[{"href":"https:\/\/www.retrochap.fr\/site\/wp-json\/wp\/v2\/media?parent=4479"}],"wp:term":[{"taxonomy":"category","embeddable":true,"href":"https:\/\/www.retrochap.fr\/site\/wp-json\/wp\/v2\/categories?post=4479"},{"taxonomy":"post_tag","embeddable":true,"href":"https:\/\/www.retrochap.fr\/site\/wp-json\/wp\/v2\/tags?post=4479"}],"curies":[{"name":"wp","href":"https:\/\/api.w.org\/{rel}","templated":true}]}}