{"id":4532,"date":"2019-02-17T10:13:27","date_gmt":"2019-02-17T09:13:27","guid":{"rendered":"http:\/\/www.retrochap.fr\/site\/?p=4532"},"modified":"2019-02-24T16:34:06","modified_gmt":"2019-02-24T15:34:06","slug":"ordre-du-jour-du-cd-du-20-fevrier","status":"publish","type":"post","link":"https:\/\/www.retrochap.fr\/site\/2019\/02\/ordre-du-jour-du-cd-du-20-fevrier\/","title":{"rendered":"ORDRE DU JOUR DU CD DU 20 F\u00c9VRIER"},"content":{"rendered":"<p>Notre Comit\u00e9 Directeur se r\u00e9unira ce mercredi 20 f\u00e9vrier \u00e0 19H30 \u00e0 la Maison de Beauvois 11 rue de Beauvois \u00e0 La Chapelle Saint Mesmin. Nos r\u00e9unions statutaires sont ouvertes \u00e0 tous mais il faut confirmer votre participation avant mercredi midi pour des probl\u00e8mes d&rsquo;organisation mat\u00e9rielle de la r\u00e9union qui se terminera comme chaque fois par un moment de convivialit\u00e9 avec des plats partag\u00e9s.<\/p>\n<p>Retour sur l&rsquo;AG du 23 janvier. Le point sur les formalit\u00e9s administratives obligatoires suite \u00e0 cette AG<\/p>\n<p>Le point sur les cotisations 2019 re\u00e7ues<\/p>\n<p>Pr\u00e9sentation du nouveau LOGO RETROCHAP<\/p>\n<p>Retour sur le salon du 27 janvier<\/p>\n<p>Organisation du RDV du 24 f\u00e9vrier &#8211; Carnaval et mise \u00e0 l&rsquo;honneur de la\u00a0 PEUGEOT 203<\/p>\n<p>Organisation stand du salon des 1er\/2 et 3 mars<\/p>\n<p>Salon de REIMS &#8211; d\u00e9placement organis\u00e9 par AMJCO le 9 mars \/ Bourse de SANDILLON le 10 mars<\/p>\n<p>Participation bourse de BAULE le 17 mars &#8211; Bourse de CHANGY le 17 mars<\/p>\n<p>Programme des RDV mensuels 2019<\/p>\n<p>Point sur les intentions de participation \u00e0 la sortie en TOURAINE des 6 et 7 juillet<\/p>\n<p>Pr\u00e9sentation sortie du 31 mars<\/p>\n<p>Le point sur notre\u00a0 4 CV et reprise travaux sur 402 &#8211; d\u00e9p\u00f4ts dossiers de demandes de subventions<\/p>\n<p>Questions diverses&#8230;<\/p>\n","protected":false},"excerpt":{"rendered":"<p>Notre Comit\u00e9 Directeur se r\u00e9unira ce mercredi 20 f\u00e9vrier \u00e0 19H30 \u00e0 la Maison de Beauvois 11 rue de Beauvois \u00e0 La Chapelle Saint Mesmin. Nos r\u00e9unions statutaires sont ouvertes [&hellip;]<\/p>\n","protected":false},"author":2,"featured_media":2912,"comment_status":"closed","ping_status":"closed","sticky":false,"template":"","format":"standard","meta":{"footnotes":""},"categories":[104,3],"tags":[54,5,69,25],"class_list":{"0":"post-4532","1":"post","2":"type-post","3":"status-publish","4":"format-standard","5":"has-post-thumbnail","7":"category-comite-directeur","8":"category-news","9":"tag-bourse","10":"tag-la-chapelle-saint-mesmin","11":"tag-retrochap","12":"tag-sortie","13":"czr-hentry"},"_links":{"self":[{"href":"https:\/\/www.retrochap.fr\/site\/wp-json\/wp\/v2\/posts\/4532","targetHints":{"allow":["GET"]}}],"collection":[{"href":"https:\/\/www.retrochap.fr\/site\/wp-json\/wp\/v2\/posts"}],"about":[{"href":"https:\/\/www.retrochap.fr\/site\/wp-json\/wp\/v2\/types\/post"}],"author":[{"embeddable":true,"href":"https:\/\/www.retrochap.fr\/site\/wp-json\/wp\/v2\/users\/2"}],"replies":[{"embeddable":true,"href":"https:\/\/www.retrochap.fr\/site\/wp-json\/wp\/v2\/comments?post=4532"}],"version-history":[{"count":3,"href":"https:\/\/www.retrochap.fr\/site\/wp-json\/wp\/v2\/posts\/4532\/revisions"}],"predecessor-version":[{"id":4535,"href":"https:\/\/www.retrochap.fr\/site\/wp-json\/wp\/v2\/posts\/4532\/revisions\/4535"}],"wp:featuredmedia":[{"embeddable":true,"href":"https:\/\/www.retrochap.fr\/site\/wp-json\/wp\/v2\/media\/2912"}],"wp:attachment":[{"href":"https:\/\/www.retrochap.fr\/site\/wp-json\/wp\/v2\/media?parent=4532"}],"wp:term":[{"taxonomy":"category","embeddable":true,"href":"https:\/\/www.retrochap.fr\/site\/wp-json\/wp\/v2\/categories?post=4532"},{"taxonomy":"post_tag","embeddable":true,"href":"https:\/\/www.retrochap.fr\/site\/wp-json\/wp\/v2\/tags?post=4532"}],"curies":[{"name":"wp","href":"https:\/\/api.w.org\/{rel}","templated":true}]}}