{"id":4582,"date":"2019-02-28T20:47:29","date_gmt":"2019-02-28T19:47:29","guid":{"rendered":"http:\/\/www.retrochap.fr\/site\/?p=4582"},"modified":"2019-02-28T20:47:30","modified_gmt":"2019-02-28T19:47:30","slug":"nous-sommes-prets","status":"publish","type":"post","link":"https:\/\/www.retrochap.fr\/site\/2019\/02\/nous-sommes-prets\/","title":{"rendered":"NOUS SOMMES PR\u00caTS!"},"content":{"rendered":"<p>Les dix voitures sont bien align\u00e9es, le stand d\u00e9cor\u00e9, nous sommes pr\u00eats. Nous esp\u00e9rons qu&rsquo;un public nombreux viendra vidsiter cette superbe exposition organis\u00e9e par l&rsquo;AACL avec le concours de plusieurs clubs et particuliers.<\/p>\n<p>Nous ferons tout pour faire d\u00e9couvrir notre club, nos activit\u00e9s et pr\u00e9senter \u00ab\u00a0MARQUISE\u00a0\u00bb&#8230;nous organiserons une petite r\u00e9ception samedi vers 17H sur notre stand pour \u00ab\u00a0f\u00eater\u00a0\u00bb notre anniversaire!<\/p>\n<p>Merci \u00e0 tous les adh\u00e9rents qu se sont mobilis\u00e9s pour faire de ces trois jours une belle f\u00eate des v\u00e9hicules anciens!<\/p>\n<p>Plusieurs adh\u00e9rents sont pr\u00e9sents sur d&rsquo;autres stands&#8230;.Merci \u00e0 eux<\/p>\n<p><a href=\"http:\/\/www.retrochap.fr\/site\/2019\/02\/nous-sommes-prets\/photo-salon\/\" rel=\"attachment wp-att-4583\"><img loading=\"lazy\" decoding=\"async\" class=\"alignnone size-medium wp-image-4583\" src=\"http:\/\/www.retrochap.fr\/site\/wp-content\/uploads\/2019\/02\/PHOTO-SALON-300x225.jpg\" alt=\"\" width=\"300\" height=\"225\" srcset=\"https:\/\/www.retrochap.fr\/site\/wp-content\/uploads\/2019\/02\/PHOTO-SALON-300x225.jpg 300w, https:\/\/www.retrochap.fr\/site\/wp-content\/uploads\/2019\/02\/PHOTO-SALON-768x576.jpg 768w, https:\/\/www.retrochap.fr\/site\/wp-content\/uploads\/2019\/02\/PHOTO-SALON-570x428.jpg 570w, https:\/\/www.retrochap.fr\/site\/wp-content\/uploads\/2019\/02\/PHOTO-SALON.jpg 960w\" sizes=\"auto, (max-width: 300px) 100vw, 300px\" \/><\/a><\/p>\n","protected":false},"excerpt":{"rendered":"<p>Les dix voitures sont bien align\u00e9es, le stand d\u00e9cor\u00e9, nous sommes pr\u00eats. Nous esp\u00e9rons qu&rsquo;un public nombreux viendra vidsiter cette superbe exposition organis\u00e9e par l&rsquo;AACL avec le concours de plusieurs [&hellip;]<\/p>\n","protected":false},"author":2,"featured_media":4583,"comment_status":"closed","ping_status":"closed","sticky":false,"template":"","format":"standard","meta":{"footnotes":""},"categories":[3],"tags":[52,53,43],"class_list":{"0":"post-4582","1":"post","2":"type-post","3":"status-publish","4":"format-standard","5":"has-post-thumbnail","7":"category-news","8":"tag-club","9":"tag-expo","10":"tag-exposition","11":"czr-hentry"},"_links":{"self":[{"href":"https:\/\/www.retrochap.fr\/site\/wp-json\/wp\/v2\/posts\/4582","targetHints":{"allow":["GET"]}}],"collection":[{"href":"https:\/\/www.retrochap.fr\/site\/wp-json\/wp\/v2\/posts"}],"about":[{"href":"https:\/\/www.retrochap.fr\/site\/wp-json\/wp\/v2\/types\/post"}],"author":[{"embeddable":true,"href":"https:\/\/www.retrochap.fr\/site\/wp-json\/wp\/v2\/users\/2"}],"replies":[{"embeddable":true,"href":"https:\/\/www.retrochap.fr\/site\/wp-json\/wp\/v2\/comments?post=4582"}],"version-history":[{"count":2,"href":"https:\/\/www.retrochap.fr\/site\/wp-json\/wp\/v2\/posts\/4582\/revisions"}],"predecessor-version":[{"id":4585,"href":"https:\/\/www.retrochap.fr\/site\/wp-json\/wp\/v2\/posts\/4582\/revisions\/4585"}],"wp:featuredmedia":[{"embeddable":true,"href":"https:\/\/www.retrochap.fr\/site\/wp-json\/wp\/v2\/media\/4583"}],"wp:attachment":[{"href":"https:\/\/www.retrochap.fr\/site\/wp-json\/wp\/v2\/media?parent=4582"}],"wp:term":[{"taxonomy":"category","embeddable":true,"href":"https:\/\/www.retrochap.fr\/site\/wp-json\/wp\/v2\/categories?post=4582"},{"taxonomy":"post_tag","embeddable":true,"href":"https:\/\/www.retrochap.fr\/site\/wp-json\/wp\/v2\/tags?post=4582"}],"curies":[{"name":"wp","href":"https:\/\/api.w.org\/{rel}","templated":true}]}}