{"id":5129,"date":"2019-11-07T09:44:29","date_gmt":"2019-11-07T08:44:29","guid":{"rendered":"http:\/\/www.retrochap.fr\/site\/?p=5129"},"modified":"2019-11-08T12:23:25","modified_gmt":"2019-11-08T11:23:25","slug":"9eme-rallye-des-lumieres-retiens-ta-nuit","status":"publish","type":"post","link":"https:\/\/www.retrochap.fr\/site\/2019\/11\/9eme-rallye-des-lumieres-retiens-ta-nuit\/","title":{"rendered":"9\u00e8me RALLYE DES LUMI\u00c8RES: RETIENS TA NUIT"},"content":{"rendered":"<p>Notre 9\u00e8me rallye des Lumi\u00e8res se d\u00e9roulera finalement le samedi 21 d\u00e9cembre. Des informations suppl\u00e9mentaires et le bulletin d&rsquo;engagement\u00a0 seront mis en ligne la semaine prochaine.<\/p>\n<p>Cet \u00e9v\u00e9nement \u00e9tait initialement programm\u00e9 le samedi 14 d\u00e9cembre mais la salle du Plessis des Hauts a \u00e9t\u00e9 attribu\u00e9e \u00e0 la Ligue du Centre Motocycliste pour son assembl\u00e9e g\u00e9n\u00e9rale &#8230;.donc nous avons du d\u00e9placer la date;<\/p>\n<p>La soir\u00e9e conviviale qui se tiendra d\u00e8s 20H00 \u00e0 la salle du Plessis des Hauts nous permettra de rendre hommage \u00e0 Johnny HALLYDAY, deux ans apr\u00e8s sa disparition. De nombreuses animations seront pr\u00e9vues<\/p>\n<p>Le rallye s&rsquo;appellera: RETIENS TA NUIT<\/p>\n<p>Le dernier RDV de l&rsquo;ann\u00e9e se d\u00e9roulera le dimanche 22 d\u00e9cembre de 10H \u00e0 12H00 sur le site de BERAIRE<\/p>\n","protected":false},"excerpt":{"rendered":"<p>Notre 9\u00e8me rallye des Lumi\u00e8res se d\u00e9roulera finalement le samedi 21 d\u00e9cembre. Des informations suppl\u00e9mentaires et le bulletin d&rsquo;engagement\u00a0 seront mis en ligne la semaine prochaine. Cet \u00e9v\u00e9nement \u00e9tait initialement [&hellip;]<\/p>\n","protected":false},"author":2,"featured_media":5130,"comment_status":"closed","ping_status":"closed","sticky":false,"template":"","format":"standard","meta":{"footnotes":""},"categories":[3],"tags":[70],"class_list":{"0":"post-5129","1":"post","2":"type-post","3":"status-publish","4":"format-standard","5":"has-post-thumbnail","7":"category-news","8":"tag-rallye","9":"czr-hentry"},"_links":{"self":[{"href":"https:\/\/www.retrochap.fr\/site\/wp-json\/wp\/v2\/posts\/5129","targetHints":{"allow":["GET"]}}],"collection":[{"href":"https:\/\/www.retrochap.fr\/site\/wp-json\/wp\/v2\/posts"}],"about":[{"href":"https:\/\/www.retrochap.fr\/site\/wp-json\/wp\/v2\/types\/post"}],"author":[{"embeddable":true,"href":"https:\/\/www.retrochap.fr\/site\/wp-json\/wp\/v2\/users\/2"}],"replies":[{"embeddable":true,"href":"https:\/\/www.retrochap.fr\/site\/wp-json\/wp\/v2\/comments?post=5129"}],"version-history":[{"count":3,"href":"https:\/\/www.retrochap.fr\/site\/wp-json\/wp\/v2\/posts\/5129\/revisions"}],"predecessor-version":[{"id":5135,"href":"https:\/\/www.retrochap.fr\/site\/wp-json\/wp\/v2\/posts\/5129\/revisions\/5135"}],"wp:featuredmedia":[{"embeddable":true,"href":"https:\/\/www.retrochap.fr\/site\/wp-json\/wp\/v2\/media\/5130"}],"wp:attachment":[{"href":"https:\/\/www.retrochap.fr\/site\/wp-json\/wp\/v2\/media?parent=5129"}],"wp:term":[{"taxonomy":"category","embeddable":true,"href":"https:\/\/www.retrochap.fr\/site\/wp-json\/wp\/v2\/categories?post=5129"},{"taxonomy":"post_tag","embeddable":true,"href":"https:\/\/www.retrochap.fr\/site\/wp-json\/wp\/v2\/tags?post=5129"}],"curies":[{"name":"wp","href":"https:\/\/api.w.org\/{rel}","templated":true}]}}