{"id":5157,"date":"2019-11-15T07:06:18","date_gmt":"2019-11-15T06:06:18","guid":{"rendered":"http:\/\/www.retrochap.fr\/site\/?p=5157"},"modified":"2019-11-15T07:06:18","modified_gmt":"2019-11-15T06:06:18","slug":"marquise-a-vendre","status":"publish","type":"post","link":"https:\/\/www.retrochap.fr\/site\/2019\/11\/marquise-a-vendre\/","title":{"rendered":"MARQUISE A VENDRE"},"content":{"rendered":"<p>Afin de financer la restauration de notre PEUGEOT 402 de 1936, notre club a d\u00e9cid\u00e9 de mettre en vente notre 4 CV de 1961.<\/p>\n<p>La 4 CV, une des derni\u00e8res produites, a \u00e9t\u00e9 enti\u00e8rement restaur\u00e9e de A \u00e0 Z par un groupe de b\u00e9n\u00e9voles de notre club.Le moteur a \u00e9t\u00e9 remis \u00e0 neuf. Seule la carrosserie et peinture,gris Pompadour ont \u00e9t\u00e9 confi\u00e9es \u00e0 un professionnel<\/p>\n<p>Le v\u00e9hicule a \u00e9t\u00e9 mis \u00e0 l&rsquo;honneur par la FFVE lors de son \u00ab\u00a0bapt\u00eame\u00a0\u00bb en octobre 2018. MARQUISE a \u00e9t\u00e9 expertis\u00e9e par un cabinet professionnel qui a lou\u00e9 la qualit\u00e9 du travail.<\/p>\n<p>MARQUISE sera expos\u00e9e lors de notre prochain rendez-vous dimanche 24 novembre sur l&rsquo;Esplanade de BERAIRE. Un dossier complet sera remis au futur propri\u00e9taire.<\/p>\n<p>Pour plus de renseignements vous pouvez contacter le 06 03 15 83 25. MARQUISE est visible \u00e0 La Chapelle Saint Mesmin.<\/p>\n<p><a href=\"http:\/\/www.retrochap.fr\/site\/wp-content\/uploads\/2018\/08\/P1070620.jpg\"><img loading=\"lazy\" decoding=\"async\" class=\"size-medium wp-image-4216 alignleft\" src=\"http:\/\/www.retrochap.fr\/site\/wp-content\/uploads\/2018\/08\/P1070620-300x225.jpg\" alt=\"\" width=\"300\" height=\"225\" srcset=\"https:\/\/www.retrochap.fr\/site\/wp-content\/uploads\/2018\/08\/P1070620-300x225.jpg 300w, https:\/\/www.retrochap.fr\/site\/wp-content\/uploads\/2018\/08\/P1070620-768x576.jpg 768w, https:\/\/www.retrochap.fr\/site\/wp-content\/uploads\/2018\/08\/P1070620-1024x768.jpg 1024w, https:\/\/www.retrochap.fr\/site\/wp-content\/uploads\/2018\/08\/P1070620-570x428.jpg 570w, https:\/\/www.retrochap.fr\/site\/wp-content\/uploads\/2018\/08\/P1070620-1320x990.jpg 1320w, https:\/\/www.retrochap.fr\/site\/wp-content\/uploads\/2018\/08\/P1070620.jpg 2048w\" sizes=\"auto, (max-width: 300px) 100vw, 300px\" \/><\/a><\/p>\n<p>&nbsp;<\/p>\n","protected":false},"excerpt":{"rendered":"<p>Afin de financer la restauration de notre PEUGEOT 402 de 1936, notre club a d\u00e9cid\u00e9 de mettre en vente notre 4 CV de 1961. La 4 CV, une des derni\u00e8res [&hellip;]<\/p>\n","protected":false},"author":2,"featured_media":4215,"comment_status":"closed","ping_status":"closed","sticky":false,"template":"","format":"standard","meta":{"footnotes":""},"categories":[3],"tags":[52,53,5,51],"class_list":{"0":"post-5157","1":"post","2":"type-post","3":"status-publish","4":"format-standard","5":"has-post-thumbnail","7":"category-news","8":"tag-club","9":"tag-expo","10":"tag-la-chapelle-saint-mesmin","11":"tag-rendez-vous","12":"czr-hentry"},"_links":{"self":[{"href":"https:\/\/www.retrochap.fr\/site\/wp-json\/wp\/v2\/posts\/5157","targetHints":{"allow":["GET"]}}],"collection":[{"href":"https:\/\/www.retrochap.fr\/site\/wp-json\/wp\/v2\/posts"}],"about":[{"href":"https:\/\/www.retrochap.fr\/site\/wp-json\/wp\/v2\/types\/post"}],"author":[{"embeddable":true,"href":"https:\/\/www.retrochap.fr\/site\/wp-json\/wp\/v2\/users\/2"}],"replies":[{"embeddable":true,"href":"https:\/\/www.retrochap.fr\/site\/wp-json\/wp\/v2\/comments?post=5157"}],"version-history":[{"count":1,"href":"https:\/\/www.retrochap.fr\/site\/wp-json\/wp\/v2\/posts\/5157\/revisions"}],"predecessor-version":[{"id":5158,"href":"https:\/\/www.retrochap.fr\/site\/wp-json\/wp\/v2\/posts\/5157\/revisions\/5158"}],"wp:featuredmedia":[{"embeddable":true,"href":"https:\/\/www.retrochap.fr\/site\/wp-json\/wp\/v2\/media\/4215"}],"wp:attachment":[{"href":"https:\/\/www.retrochap.fr\/site\/wp-json\/wp\/v2\/media?parent=5157"}],"wp:term":[{"taxonomy":"category","embeddable":true,"href":"https:\/\/www.retrochap.fr\/site\/wp-json\/wp\/v2\/categories?post=5157"},{"taxonomy":"post_tag","embeddable":true,"href":"https:\/\/www.retrochap.fr\/site\/wp-json\/wp\/v2\/tags?post=5157"}],"curies":[{"name":"wp","href":"https:\/\/api.w.org\/{rel}","templated":true}]}}