{"id":5203,"date":"2019-12-27T08:18:54","date_gmt":"2019-12-27T07:18:54","guid":{"rendered":"http:\/\/www.retrochap.fr\/site\/?p=5203"},"modified":"2019-12-27T08:20:20","modified_gmt":"2019-12-27T07:20:20","slug":"convocation-assemblee-generale","status":"publish","type":"post","link":"https:\/\/www.retrochap.fr\/site\/2019\/12\/convocation-assemblee-generale\/","title":{"rendered":"CONVOCATION ASSEMBL\u00c9E G\u00c9N\u00c9RALE"},"content":{"rendered":"<p><b>RETROCHAP VOUS SOUHAITE UNE TR\u00c8S BELLE et BONNE ANN\u00c9E 2020<\/b><\/p>\n<p><strong>Convocation pour l\u2019assembl\u00e9e g\u00e9n\u00e9rale ordinaire de notre club\u00a0:<\/strong><\/p>\n<p>Mardi <strong>14 janvier 2020 \u00e0 19H00 \u00e0<\/strong> l\u2019Espace BERAIRE 45380 La Chapelle Saint Mesmin<\/p>\n<p>Ordre du jour\u00a0:<\/p>\n<ul>\n<li>Accueil des invit\u00e9s et adh\u00e9rents &#8211; anciens et nouveaux, \u00e9margement,<a href=\"http:\/\/www.retrochap.fr\/site\/wp-content\/uploads\/2018\/01\/DSC0315.jpg\"><img loading=\"lazy\" decoding=\"async\" class=\"alignright size-medium wp-image-3338\" src=\"http:\/\/www.retrochap.fr\/site\/wp-content\/uploads\/2018\/01\/DSC0315-300x167.jpg\" alt=\"\" width=\"300\" height=\"167\" srcset=\"https:\/\/www.retrochap.fr\/site\/wp-content\/uploads\/2018\/01\/DSC0315-300x167.jpg 300w, https:\/\/www.retrochap.fr\/site\/wp-content\/uploads\/2018\/01\/DSC0315-768x428.jpg 768w, https:\/\/www.retrochap.fr\/site\/wp-content\/uploads\/2018\/01\/DSC0315-1024x570.jpg 1024w, https:\/\/www.retrochap.fr\/site\/wp-content\/uploads\/2018\/01\/DSC0315-570x317.jpg 570w, https:\/\/www.retrochap.fr\/site\/wp-content\/uploads\/2018\/01\/DSC0315.jpg 1200w\" sizes=\"auto, (max-width: 300px) 100vw, 300px\" \/><\/a><\/li>\n<li>Adoption du PV de l\u2019AG du mercredi 23 janvier 2019<\/li>\n<li>Rapport moral du pr\u00e9sident,<\/li>\n<li>Rapport d\u2019activit\u00e9s de l\u2019ann\u00e9e 2019,<\/li>\n<li>Bilan financier 2019,<\/li>\n<li>Programme et projets 2020,<\/li>\n<li>Pr\u00e9sentation du budget pr\u00e9visionnel 2020<\/li>\n<li>Election compl\u00e9mentaire de deux membres pour le Comit\u00e9 Directeur*<\/li>\n<li>Interventions des personnalit\u00e9s et des partenaires<\/li>\n<\/ul>\n<p>A l\u2019issue de nos travaux un vin d\u2019honneur sera offert \u00e0 tous les participants puis il sera possible de partager un buffet campagnard pour prolonger la soir\u00e9e <strong>sous r\u00e9serve de<\/strong> <strong>s\u2019inscrire avant le vendredi 10 janvier par SMS au 06 03 15 83 25<\/strong> ou par Email: president@retrochap.fr en pr\u00e9cisant le nombre de personnes restant pour le buffet. <strong>Le r\u00e8glement sera effectu\u00e9 sur place (esp\u00e8ces ou ch\u00e8que \/ 15 \u20ac par personne)<\/strong><\/p>\n<p>Nous comptons sur votre pr\u00e9sence pour participer \u00e0 cette assembl\u00e9e g\u00e9n\u00e9rale tr\u00e8s importante dans la vie associative de notre club.<\/p>\n<p>En attendant le plaisir de vous revoir, veuillez accepter\u00a0\u00a0 nos sentiments les plus cordiaux et si malheureusement vous ne pouvez \u00eatre des n\u00f4tres lors de l&rsquo;assembl\u00e9e g\u00e9n\u00e9rale \u00a0 n\u2019h\u00e9sitez pas \u00e0 nous faire parvenir par <strong>\u00e9crit<\/strong> vos critiques, remarques, suggestions et questions.<\/p>\n<p>Fait \u00e0 La Chapelle, le 27 d\u00e9cembre 2019<\/p>\n<p>Pour RETROCHAP,<\/p>\n<p>Le pr\u00e9sident,<\/p>\n<p>Raymond <strong>ADAMCZYK<\/strong><\/p>\n<p><strong>\u00a0<\/strong><\/p>\n<ul>\n<li>Conform\u00e9ment \u00e0 nos statuts nous devons au cours de cette assembl\u00e9e g\u00e9n\u00e9rale \u00e9lire deux membres pour compl\u00e9ter notre Comit\u00e9 Directeur suite aux d\u00e9missions de Jean-Marie <strong>BARDY<\/strong> &#8211; qui a quitt\u00e9 notre r\u00e9gion &#8211; et d&rsquo;Olivier <strong>SALEZ &#8211; <\/strong>trop pris par la pr\u00e9sidence de son association Vie Libre. Olivier reste n\u00e9anmoins adh\u00e9rent \u00e0 notre club.<\/li>\n<li>Pour faire acte de candidature veuillez adresser celle-ci par SMS au 06 03 15 83 25 ou par Email : president@retrochap.fr <strong>avant le mardi 14 janvier 2020 \u00e0 midi.<\/strong><\/li>\n<\/ul>\n","protected":false},"excerpt":{"rendered":"<p>RETROCHAP VOUS SOUHAITE UNE TR\u00c8S BELLE et BONNE ANN\u00c9E 2020 Convocation pour l\u2019assembl\u00e9e g\u00e9n\u00e9rale ordinaire de notre club\u00a0: Mardi 14 janvier 2020 \u00e0 19H00 \u00e0 l\u2019Espace BERAIRE 45380 La Chapelle [&hellip;]<\/p>\n","protected":false},"author":2,"featured_media":3337,"comment_status":"closed","ping_status":"closed","sticky":false,"template":"","format":"standard","meta":{"footnotes":""},"categories":[3],"tags":[42,64,52,5,69],"class_list":{"0":"post-5203","1":"post","2":"type-post","3":"status-publish","4":"format-standard","5":"has-post-thumbnail","7":"category-news","8":"tag-assemblee-generale","9":"tag-association","10":"tag-club","11":"tag-la-chapelle-saint-mesmin","12":"tag-retrochap","13":"czr-hentry"},"_links":{"self":[{"href":"https:\/\/www.retrochap.fr\/site\/wp-json\/wp\/v2\/posts\/5203","targetHints":{"allow":["GET"]}}],"collection":[{"href":"https:\/\/www.retrochap.fr\/site\/wp-json\/wp\/v2\/posts"}],"about":[{"href":"https:\/\/www.retrochap.fr\/site\/wp-json\/wp\/v2\/types\/post"}],"author":[{"embeddable":true,"href":"https:\/\/www.retrochap.fr\/site\/wp-json\/wp\/v2\/users\/2"}],"replies":[{"embeddable":true,"href":"https:\/\/www.retrochap.fr\/site\/wp-json\/wp\/v2\/comments?post=5203"}],"version-history":[{"count":2,"href":"https:\/\/www.retrochap.fr\/site\/wp-json\/wp\/v2\/posts\/5203\/revisions"}],"predecessor-version":[{"id":5205,"href":"https:\/\/www.retrochap.fr\/site\/wp-json\/wp\/v2\/posts\/5203\/revisions\/5205"}],"wp:featuredmedia":[{"embeddable":true,"href":"https:\/\/www.retrochap.fr\/site\/wp-json\/wp\/v2\/media\/3337"}],"wp:attachment":[{"href":"https:\/\/www.retrochap.fr\/site\/wp-json\/wp\/v2\/media?parent=5203"}],"wp:term":[{"taxonomy":"category","embeddable":true,"href":"https:\/\/www.retrochap.fr\/site\/wp-json\/wp\/v2\/categories?post=5203"},{"taxonomy":"post_tag","embeddable":true,"href":"https:\/\/www.retrochap.fr\/site\/wp-json\/wp\/v2\/tags?post=5203"}],"curies":[{"name":"wp","href":"https:\/\/api.w.org\/{rel}","templated":true}]}}