{"id":5697,"date":"2020-10-18T07:36:40","date_gmt":"2020-10-18T05:36:40","guid":{"rendered":"https:\/\/www.retrochap.fr\/site\/?p=5697"},"modified":"2020-10-18T07:36:40","modified_gmt":"2020-10-18T05:36:40","slug":"avis-a-nos-adherents-et-amis","status":"publish","type":"post","link":"https:\/\/www.retrochap.fr\/site\/2020\/10\/avis-a-nos-adherents-et-amis\/","title":{"rendered":"AVIS A NOS ADHERENTS ET AMIS !!!"},"content":{"rendered":"<p><strong>RETROCHAP<\/strong><\/p>\n<p><strong>Lettre \u00e0 tous nos adh\u00e9rents 2020 et amis<\/strong><\/p>\n<p><strong>Chers amis<\/strong><\/p>\n<p>La crise sanitaire est toujours l\u00e0, le gouvernement et la pr\u00e9fecture du Loiret ont pris des d\u00e9cisions pour endiguer la propagation du virus et nous prot\u00e9ger.<\/p>\n<p>Nous avons pris les d\u00e9cisions suivantes\u00a0:<\/p>\n<p><strong>Annulation du rallye pr\u00e9vu le 8 novembre prochain<\/strong>. Cette sortie nous \u00e9tait propos\u00e9e par un groupe d\u2019\u00e9tudiants de l\u2019AFTEC de Tours. Initialement pr\u00e9vue le 11 octobre, puis repouss\u00e9e au 8 novembre il est \u00e9vident que vu les conditions sanitaires actuelles nous sommes dans l\u2019obligation en accord avec l\u2019AFTEC d&rsquo;annuler la sortie et\u00a0 dela reprogrammer au printemps 2021.<\/p>\n<p><strong>Annulation du rallye des Lumi\u00e8res<\/strong> dont la 10<sup>\u00e8me<\/sup> \u00e9dition \u00e9tait pr\u00e9vue le samedi 12 d\u00e9cembre. Il ne nous sera pas possible de respecter notre traditionnelle organisation : petite sortie pour d\u00e9couvrir les illuminations de fin d\u2019ann\u00e9e suivie d\u2019une soir\u00e9e conviviale. Beaucoup d\u2019entre vous attendaient cet \u00e9v\u00e8nement et surtout la soir\u00e9e conviviale pour laquelle je sais que certains nous pr\u00e9paraient des animations surprises. Rassurez-vous il y aura des jours meilleurs en 2021. Gardons l\u2019espoir<\/p>\n<p><strong>Sortie en Bretagne<\/strong> : ayant d\u00fb annuler la sortie pr\u00e9vue durant le weekend de l\u2019Ascension de cette ann\u00e9e \u00a0en Auvergne et dans l\u2019impossibilit\u00e9 mat\u00e9rielle de programmer cette escapade chez les Bougnats aux m\u00eames dates en 2021, nous avons propos\u00e9 aux engag\u00e9s de prendre la direction de la Bretagne en 2021. Toutes les personnes concern\u00e9es ont \u00e9t\u00e9 avis\u00e9es pour confirmer leur engagement ou demander le remboursement des arrhes vers\u00e9es.<\/p>\n<p><strong>Sur les rendez-vous mensuels<\/strong> du 4<sup>\u00e8me<\/sup> dimanche de chaque mois\u00a0: certes nous avons re\u00e7u un arr\u00eat\u00e9 pr\u00e9fectoral nous autorisant \u00e0 reprendre nos rassemblements mensuels \u00e0 compter du 26 juillet. <strong>Nous maintenons \u00a0les trois derni\u00e8res dates, 25 octobre, 22 novembre, 27 d\u00e9cembre<\/strong> pour lesquelles une d\u00e9claration sera faite aupr\u00e8s de la pr\u00e9fecture. Selon le retour le RDV pourrait \u00eatre annul\u00e9 ou autoris\u00e9 avec des contraintes tr\u00e8s strictes comme l\u2019interdiction d\u2019organiser un point convivialit\u00e9. Une information sera mise en ligne les vendredi 23 octobre, 19 novembre, 26 d\u00e9cembre pr\u00e9cisant l\u2019organisation ou non de notre rendez-vous.<\/p>\n<p><strong>Concernant la restauration de notre 402<\/strong>, le travail va continuer chaque lundi \u00e0 Baccon\u00a0 mais avec un groupe restreint de six personnes au maximum et avec l\u2019application stricte des gestes barri\u00e8res<\/p>\n<p>Nous vous invitons \u00e0 consulter r\u00e9guli\u00e8rement notre site <a href=\"http:\/\/www.retrochap.fr\">www.retrochap.fr<\/a> que nous mettrons r\u00e9guli\u00e8rement \u00e0 jour afin de garder un contact avec chacun d\u2019entre vous. Les newsletters de novembre et d\u00e9cembre seront diffus\u00e9es fin octobre et fin novembre.<\/p>\n<p><em>En fonction de l\u2019\u00e9volution des contraintes li\u00e9es \u00e0 la situation sanitaire, il est possible que l\u2019Assembl\u00e9e G\u00e9n\u00e9rale Annuelle de d\u00e9but d\u2019ann\u00e9e ne puisse se tenir physiquement. Dans ce cas nous envisageons d\u2019envoyer \u00e0 chaque membre de l\u2019association, par courrier ou par mail, l\u2019ensemble des rapports et pr\u00e9sentations et de solliciter un vote par correspondance sur les r\u00e9solutions propos\u00e9es. Je vous tiendrais inform\u00e9s si cette \u00e9ventualit\u00e9 \u00e9tait retenue<\/em>.<\/p>\n<p>&nbsp;<\/p>\n<p><strong>PRENEZ SOIN DE VOUS et DE VOS PROCHES<\/strong><\/p>\n","protected":false},"excerpt":{"rendered":"<p>RETROCHAP Lettre \u00e0 tous nos adh\u00e9rents 2020 et amis Chers amis La crise sanitaire est toujours l\u00e0, le gouvernement et la pr\u00e9fecture du Loiret ont pris des d\u00e9cisions pour endiguer [&hellip;]<\/p>\n","protected":false},"author":2,"featured_media":3555,"comment_status":"closed","ping_status":"closed","sticky":false,"template":"","format":"standard","meta":{"footnotes":""},"categories":[3],"tags":[42,64,54,37,6,70,36,51,69,25],"class_list":{"0":"post-5697","1":"post","2":"type-post","3":"status-publish","4":"format-standard","5":"has-post-thumbnail","7":"category-news","8":"tag-assemblee-generale","9":"tag-association","10":"tag-bourse","11":"tag-loire","12":"tag-loiret","13":"tag-rallye","14":"tag-rassemblement","15":"tag-rendez-vous","16":"tag-retrochap","17":"tag-sortie","18":"czr-hentry"},"_links":{"self":[{"href":"https:\/\/www.retrochap.fr\/site\/wp-json\/wp\/v2\/posts\/5697","targetHints":{"allow":["GET"]}}],"collection":[{"href":"https:\/\/www.retrochap.fr\/site\/wp-json\/wp\/v2\/posts"}],"about":[{"href":"https:\/\/www.retrochap.fr\/site\/wp-json\/wp\/v2\/types\/post"}],"author":[{"embeddable":true,"href":"https:\/\/www.retrochap.fr\/site\/wp-json\/wp\/v2\/users\/2"}],"replies":[{"embeddable":true,"href":"https:\/\/www.retrochap.fr\/site\/wp-json\/wp\/v2\/comments?post=5697"}],"version-history":[{"count":1,"href":"https:\/\/www.retrochap.fr\/site\/wp-json\/wp\/v2\/posts\/5697\/revisions"}],"predecessor-version":[{"id":5698,"href":"https:\/\/www.retrochap.fr\/site\/wp-json\/wp\/v2\/posts\/5697\/revisions\/5698"}],"wp:featuredmedia":[{"embeddable":true,"href":"https:\/\/www.retrochap.fr\/site\/wp-json\/wp\/v2\/media\/3555"}],"wp:attachment":[{"href":"https:\/\/www.retrochap.fr\/site\/wp-json\/wp\/v2\/media?parent=5697"}],"wp:term":[{"taxonomy":"category","embeddable":true,"href":"https:\/\/www.retrochap.fr\/site\/wp-json\/wp\/v2\/categories?post=5697"},{"taxonomy":"post_tag","embeddable":true,"href":"https:\/\/www.retrochap.fr\/site\/wp-json\/wp\/v2\/tags?post=5697"}],"curies":[{"name":"wp","href":"https:\/\/api.w.org\/{rel}","templated":true}]}}