{"id":9743,"date":"2024-05-19T09:24:50","date_gmt":"2024-05-19T07:24:50","guid":{"rendered":"https:\/\/www.retrochap.fr\/site\/?p=9743"},"modified":"2024-05-19T09:24:50","modified_gmt":"2024-05-19T07:24:50","slug":"lappel-du-8-juin","status":"publish","type":"post","link":"https:\/\/www.retrochap.fr\/site\/2024\/05\/lappel-du-8-juin\/","title":{"rendered":"L&rsquo;APPEL DU 8 JUIN"},"content":{"rendered":"<p><b>COMM\u00c9MORATION\u00a0DES 80 ANS DU D\u00c9BARQUEMENT &amp; DE LA\u00a0LIB\u00c9RATION<\/b><\/p>\n<p><strong>\u00a0<\/strong><strong>SAMEDI 8 JUIN 2024 &#8211; LA CHAPELLE SAINT MESMIN<\/strong><\/p>\n<p>La Municipalit\u00e9 nous invite \u00e0 participer \u00e0 cette comm\u00e9moration dont le programme pr\u00e9vu est celui-ci:<\/p>\n<ul>\n<li>\u00a011H00 : c\u00e9r\u00e9monie patriotique au cimeti\u00e8re du bourg<\/li>\n<li>11H30 : pose d&rsquo;une plaque souvenir<\/li>\n<li>12H00 : verre de l&rsquo;amiti\u00e9 \u00e0 Beraire<\/li>\n<li>16H00 : projection d&rsquo;un documentaire \u00ab\u00a0Et\u00e9 44, la Lib\u00e9ration\u00a0\u00bb dans l&rsquo;auditorium<\/li>\n<li>18H00 : concert de l&rsquo;Harmonie &#8211; esplanade de Beraire<\/li>\n<li>20H00: conf\u00e9rence dans l&rsquo;auditorium<\/li>\n<\/ul>\n<p>-:-:-:-:-:-:-:-:-:-:-:-:-:-:-:-:-:-:-:-:-:-:-:-:-:-:-:-:-:-:-:-:-:-:-:-:-:-:-:-:-:-:-:-:-:-:-:-:-:-:-:-:-:-:-:-:-:-:-:-:-:-<\/p>\n<p><strong>PARTICIPATION DE RETROCHAP:<\/strong><\/p>\n<p><strong>\u00a0<\/strong><strong>10H30:<\/strong> regroupement des v\u00e9hicules d&rsquo;avant-guerre des adh\u00e9rents Place de l&rsquo;H\u00f4tel de Ville face au Plessis des Hauts<\/p>\n<p><strong>10H45:<\/strong> d\u00e9part en cort\u00e8ge pour rejoindre l&rsquo;Esplanade de Beraire pour une exposition statique face au march\u00e9 hebdomadaire en attendant l&rsquo;arriv\u00e9e des \u00e9lus et officiels<\/p>\n<p><strong>12H45<\/strong>: pique-nique sur place tir\u00e9 du coffre dans une ambiance \u00ab\u00a0Lib\u00e9ration\u00a0\u00bb<\/p>\n<p><strong>15H00<\/strong>: convoi de la Lib\u00e9ration pour parcourir les rues \u00e9voquant cette \u00e9poque. La rue Jean Moulin, la rue Claude Lerude, la rue Maurice Lali\u00e8re, le square des D\u00e9port\u00e9s et du Souvenir Fran\u00e7ais seront sur ce parcours encadr\u00e9&#8230;passage rue de l&rsquo;Eglise et arr\u00eat place du Bourg.<\/p>\n<p><strong>16H00:<\/strong> dislocation apr\u00e8s une derni\u00e8re halte \u00e0 B\u00e9raire.<\/p>\n<p><em>A noter que Daniel BADAN et notre club fourniront plusieurs documents qui vont enrichir une exposition qui se tiendra du 3 au 8 juin dans le Hall de Beraire<\/em><\/p>\n<p>Nous invitons les adh\u00e9rents propri\u00e9taires de v\u00e9hicules correspondant \u00e0 cette \u00e9poque 1925 \u00e0 1945 \u00e0 participer \u00e0 cette journ\u00e9e&#8230;venir en costume d&rsquo;\u00e9poque, v\u00e9hicules pavois\u00e9s dans la mesure du possible&#8230;<\/p>\n<p>Nous sommes \u00e0 la recherche d&rsquo;une JEEP, d&rsquo;un side car&#8230;, de bicyclettes&#8230;.L&rsquo;APPEL EST LANCE<\/p>\n<p>Un bulletin d\u2019inscription d\u00e9taill\u00e9 sera envoy\u00e9 \u00e0 tous les adh\u00e9rents disposant d&rsquo;un v\u00e9hicule de cette \u00e9poque<\/p>\n<p>&nbsp;<\/p>\n<p>&nbsp;<\/p>\n","protected":false},"excerpt":{"rendered":"<p>COMM\u00c9MORATION\u00a0DES 80 ANS DU D\u00c9BARQUEMENT &amp; DE LA\u00a0LIB\u00c9RATION \u00a0SAMEDI 8 JUIN 2024 &#8211; LA CHAPELLE SAINT MESMIN La Municipalit\u00e9 nous invite \u00e0 participer \u00e0 cette comm\u00e9moration dont le programme pr\u00e9vu [&hellip;]<\/p>\n","protected":false},"author":2,"featured_media":9744,"comment_status":"closed","ping_status":"closed","sticky":false,"template":"","format":"standard","meta":{"footnotes":""},"categories":[3],"tags":[],"class_list":{"0":"post-9743","1":"post","2":"type-post","3":"status-publish","4":"format-standard","5":"has-post-thumbnail","7":"category-news","8":"czr-hentry"},"_links":{"self":[{"href":"https:\/\/www.retrochap.fr\/site\/wp-json\/wp\/v2\/posts\/9743","targetHints":{"allow":["GET"]}}],"collection":[{"href":"https:\/\/www.retrochap.fr\/site\/wp-json\/wp\/v2\/posts"}],"about":[{"href":"https:\/\/www.retrochap.fr\/site\/wp-json\/wp\/v2\/types\/post"}],"author":[{"embeddable":true,"href":"https:\/\/www.retrochap.fr\/site\/wp-json\/wp\/v2\/users\/2"}],"replies":[{"embeddable":true,"href":"https:\/\/www.retrochap.fr\/site\/wp-json\/wp\/v2\/comments?post=9743"}],"version-history":[{"count":1,"href":"https:\/\/www.retrochap.fr\/site\/wp-json\/wp\/v2\/posts\/9743\/revisions"}],"predecessor-version":[{"id":9746,"href":"https:\/\/www.retrochap.fr\/site\/wp-json\/wp\/v2\/posts\/9743\/revisions\/9746"}],"wp:featuredmedia":[{"embeddable":true,"href":"https:\/\/www.retrochap.fr\/site\/wp-json\/wp\/v2\/media\/9744"}],"wp:attachment":[{"href":"https:\/\/www.retrochap.fr\/site\/wp-json\/wp\/v2\/media?parent=9743"}],"wp:term":[{"taxonomy":"category","embeddable":true,"href":"https:\/\/www.retrochap.fr\/site\/wp-json\/wp\/v2\/categories?post=9743"},{"taxonomy":"post_tag","embeddable":true,"href":"https:\/\/www.retrochap.fr\/site\/wp-json\/wp\/v2\/tags?post=9743"}],"curies":[{"name":"wp","href":"https:\/\/api.w.org\/{rel}","templated":true}]}}